{"id":27343,"date":"2024-12-27T12:03:41","date_gmt":"2024-12-27T19:03:41","guid":{"rendered":"https:\/\/peninsula360press.com\/?p=27343"},"modified":"2024-12-28T10:03:36","modified_gmt":"2024-12-28T17:03:36","slug":"propone-ejecutar-a-inmigrantes","status":"publish","type":"post","link":"https:\/\/peninsula360press.com\/es_mx\/propone-ejecutar-a-inmigrantes\/","title":{"rendered":"Colombiana aspirante a congresista de EE. UU. propone ejecutar a inmigrantes que cometan cr\u00edmenes contra estadounidenses"},"content":{"rendered":"<figure id=\"attachment_27344\" aria-describedby=\"caption-attachment-27344\" style=\"width: 686px\" class=\"wp-caption aligncenter\"><img fetchpriority=\"high\" decoding=\"async\" class=\"wp-image-27344\" src=\"https:\/\/peninsula360press.com\/wp-content\/uploads\/2024\/12\/ejecucion-migrantes-300x157.png\" alt=\"Propone ejecutar a inmigrantes\" width=\"686\" height=\"359\" srcset=\"https:\/\/peninsula360press.com\/wp-content\/uploads\/2024\/12\/ejecucion-migrantes-300x157.png 300w, https:\/\/peninsula360press.com\/wp-content\/uploads\/2024\/12\/ejecucion-migrantes-1024x536.png 1024w, https:\/\/peninsula360press.com\/wp-content\/uploads\/2024\/12\/ejecucion-migrantes-768x402.png 768w, https:\/\/peninsula360press.com\/wp-content\/uploads\/2024\/12\/ejecucion-migrantes-18x9.png 18w, https:\/\/peninsula360press.com\/wp-content\/uploads\/2024\/12\/ejecucion-migrantes-150x79.png 150w, https:\/\/peninsula360press.com\/wp-content\/uploads\/2024\/12\/ejecucion-migrantes-696x364.png 696w, https:\/\/peninsula360press.com\/wp-content\/uploads\/2024\/12\/ejecucion-migrantes-1068x559.png 1068w, https:\/\/peninsula360press.com\/wp-content\/uploads\/2024\/12\/ejecucion-migrantes.png 1200w\" sizes=\"(max-width: 686px) 100vw, 686px\" \/><figcaption id=\"caption-attachment-27344\" class=\"wp-caption-text\">Propone ejecutar a inmigrantes, la colombiana Valentina G\u00f3mez de manera expl\u00edcita, la propuesta es que se ejecuten p\u00fablicamente a inmigrantes indocumentados que cometan cr\u00edmenes en contra de estadounidenses. Foto: Captura de pantalla.<\/figcaption><\/figure>\n<p>Escucha esta nota:<\/p>\n<audio class=\"wp-audio-shortcode\" id=\"audio-27343-1\" preload=\"none\" style=\"width: 100%;\" controls=\"controls\"><source type=\"audio\/mpeg\" src=\"https:\/\/peninsula360press.com\/wp-content\/uploads\/2024\/12\/Viviana-6194213.mp3?_=1\" \/><a href=\"https:\/\/peninsula360press.com\/wp-content\/uploads\/2024\/12\/Viviana-6194213.mp3\">https:\/\/peninsula360press.com\/wp-content\/uploads\/2024\/12\/Viviana-6194213.mp3<\/a><\/audio>\n<p>&nbsp;<\/p>\n<p><span style=\"font-weight: 400;\">La colombiana <a href=\"https:\/\/x.com\/ValentinaForUSA\" target=\"_blank\" rel=\"noopener\">Valentina G\u00f3mez<\/a> ha causado revuelo en redes sociales luego de que en su campa\u00f1a como aspirante al Congreso de Estados Unidos por Texas dijera, de manera expl\u00edcita, que se ejecuten p\u00fablicamente a inmigrantes indocumentados que cometan cr\u00edmenes en contra de estadounidenses.<\/span><\/p>\n<p><span style=\"font-weight: 400;\">En un fuerte y pol\u00e9mico video, la mujer de origen colombiano, porta un arma y dispara contra un maniqu\u00ed maniatado a una silla para luego decir: \u201cEs as\u00ed de simple. Ejecuciones publicas para cualquier ilegal que viole o mate a un americano. Ellos no merecen la deportaci\u00f3n, ellos merecen ser terminados\u201d.<\/span><\/p>\n<p><span style=\"font-weight: 400;\">El video emitido el pasado 18 de enero, ha sido retirado de la red social X, donde se emiti\u00f3 por primera vez a trav\u00e9s de la cuenta de Valentina G\u00f3mez.<\/span><\/p>\n<p><span style=\"font-weight: 400;\">G\u00f3mez pertenece al ala extrema republicana y pone a su cristianismo como parte de su estandarte.<\/span><\/p>\n<p><span style=\"font-weight: 400;\">\u201cMe presento al Congreso en Texas y voy a acabar con un rinoceronte y a un dinosaurio que de una vez por todas, porque el Congreso est\u00e1 lleno de criminales como el portavoz Johnson, que no es m\u00e1s que un hombrecillo sin \u2018pelotas\u2019 que financia a Ucrania y traiciona al pueblo estadounidense cada vez que puede. Y Dan Crenshaw, que solo sirve para traicionar a sus compa\u00f1eros Navy Seals. Tengo 25 a\u00f1os, con un MBA, que domina varios idiomas, ex nadadora de la divisi\u00f3n 1 de la NCAA, y con muchos m\u00e1s elogios a mi nombre, pero esta es la \u00fanica raz\u00f3n por la que deber\u00edas votarme: porque me importa un carajo lo que todos estos bur\u00f3cratas de Washington DC piensen de m\u00ed. Vengo a Texas a decir la verdad, cocinar a los criminales y salvar a los ni\u00f1os. Abr\u00f3chate el cintur\u00f3n Texas, porque este no es mi primer rodeo\u201d, dice la candidata en uno de sus videos.<\/span><\/p>\n<p><span style=\"font-weight: 400;\">De igual manera, escribi\u00f3: \u201cNo le tengo miedo a los PDF, ni a los criminales ni a los delincuentes de Washington. Solo le temo a Dios\u201d.<\/span><\/p>\n<p><span style=\"font-weight: 400;\">Valentina G\u00f3mez cuenta con una tienda en l\u00ednea donde vende productos como sudaderas y gorras, con la finalidad de financiar su campa\u00f1a. En ella, abunda el lema \u201cDon&#8217;t Be Weak and Gay\u201d (No seas d\u00e9bil y gay).<\/span><\/p>\n<p><span style=\"font-weight: 400;\">Las respuestas no se han dejado esperar y el propio presidente de Colombia, Gustavo Petro, se pronunci\u00f3 al respecto.<\/span><\/p>\n<p><span style=\"font-weight: 400;\">\u201cElla no es solo fascista estadounidense. Es colombiana. Y siendo migrante lo que quiere es desatar el odio a los migrantes. La mayor\u00eda de los estadounidenses son asesinados por estadounidenses\u201d, expres\u00f3 Petro a trav\u00e9s de su cuenta en X.<\/span><\/p>\n<p><span style=\"font-weight: 400;\">Por su parte, la Liga de Ciudadanos Latinoamericanos Unidos (LULAC), ha condenado en\u00e9rgicamente el llamado a ejecuciones p\u00fablicas realizado en las redes sociales por Valentina G\u00f3mez.<\/span><\/p>\n<p><span style=\"font-weight: 400;\">El video de G\u00f3mez, se\u00f1al\u00f3 en un comunicado, glorifica el tipo de vigilantismo que ha tenido consecuencias mortales en Estados Unidos y alimenta la mentira antiinmigrante.<\/span><\/p>\n<p><span style=\"font-weight: 400;\">&#8220;LULAC denuncia los cr\u00edmenes violentos en nuestra naci\u00f3n y expresa sus m\u00e1s profundas condolencias a sus v\u00edctimas y a sus seres queridos&#8221;, dijo Roman Palomares, presidente nacional y presidente de la junta directiva. &#8220;Sin embargo, creemos en los principios cristianos de justicia, no de retribuci\u00f3n. El uso de ejecuciones p\u00fablicas como gancho para un mensaje con motivaciones pol\u00edticas alimenta el odio ciego. Este tipo de lenguaje tiene como objetivo atraer a una base extremista de individuos que creen en la mentira de que todos los inmigrantes est\u00e1n aqu\u00ed para da\u00f1ar a los dem\u00e1s&#8221;.<\/span><\/p>\n<p><span style=\"font-weight: 400;\">La LULAC de Texas tambi\u00e9n deplor\u00f3 las acciones irresponsables de la candidata que busca un cargo p\u00fablico.<\/span><\/p>\n<p><span style=\"font-weight: 400;\">\u201cEl tiroteo en masa en el Walmart de El Paso mat\u00f3 a 23 personas e hiri\u00f3 a 22 precisamente por el discurso de odio racial. Las redes sociales deben prohibir este tipo de exhibiciones imprudentes para llamar la atenci\u00f3n&#8221;, afirm\u00f3 el director estatal de la LULAC de Texas, Gabriel Rosales.<\/span><\/p>\n<p><span style=\"font-weight: 400;\">Y es que, \u201ctoda persona sujeta a deportaci\u00f3n tiene derecho al debido proceso\u201d, afirm\u00f3 Gloria Leal, asesora jur\u00eddica general de LULAC.\u00a0<\/span><\/p>\n<p><span style=\"font-weight: 400;\">&#8220;Este tipo de publicaciones en las redes sociales incitan a la violencia y al vigilantismo, y no las apoyamos&#8221;, afirm\u00f3.<\/span><\/p>\n<p>&nbsp;<\/p>\n<p><em><strong>Te puede interesar:<\/strong> <a href=\"https:\/\/peninsula360press.com\/es_mx\/boton-de-alerta-para-inmigrantes\/\">Gobierno de M\u00e9xico implementar\u00e1 \u201cBot\u00f3n de Alerta\u201d para inmigrantes en EE. UU. ante posibles deportaciones<\/a><\/em><\/p>\n","protected":false},"excerpt":{"rendered":"<p>Escucha esta nota: &nbsp; La colombiana Valentina G\u00f3mez ha causado revuelo en redes sociales luego de que en su campa\u00f1a como aspirante al Congreso de Estados Unidos por Texas dijera, de manera expl\u00edcita, que se ejecuten p\u00fablicamente a inmigrantes indocumentados que cometan cr\u00edmenes en contra de estadounidenses. En un fuerte y pol\u00e9mico video, la mujer [&hellip;]<\/p>\n","protected":false},"author":7,"featured_media":27344,"comment_status":"open","ping_status":"open","sticky":false,"template":"","format":"standard","meta":{"footnotes":""},"categories":[317,8,118],"tags":[],"class_list":{"0":"post-27343","1":"post","2":"type-post","3":"status-publish","4":"format-standard","5":"has-post-thumbnail","7":"category-cover-2","8":"category-usworld","9":"category-migracion"},"_links":{"self":[{"href":"https:\/\/peninsula360press.com\/es_mx\/wp-json\/wp\/v2\/posts\/27343","targetHints":{"allow":["GET"]}}],"collection":[{"href":"https:\/\/peninsula360press.com\/es_mx\/wp-json\/wp\/v2\/posts"}],"about":[{"href":"https:\/\/peninsula360press.com\/es_mx\/wp-json\/wp\/v2\/types\/post"}],"author":[{"embeddable":true,"href":"https:\/\/peninsula360press.com\/es_mx\/wp-json\/wp\/v2\/users\/7"}],"replies":[{"embeddable":true,"href":"https:\/\/peninsula360press.com\/es_mx\/wp-json\/wp\/v2\/comments?post=27343"}],"version-history":[{"count":5,"href":"https:\/\/peninsula360press.com\/es_mx\/wp-json\/wp\/v2\/posts\/27343\/revisions"}],"predecessor-version":[{"id":27379,"href":"https:\/\/peninsula360press.com\/es_mx\/wp-json\/wp\/v2\/posts\/27343\/revisions\/27379"}],"wp:featuredmedia":[{"embeddable":true,"href":"https:\/\/peninsula360press.com\/es_mx\/wp-json\/wp\/v2\/media\/27344"}],"wp:attachment":[{"href":"https:\/\/peninsula360press.com\/es_mx\/wp-json\/wp\/v2\/media?parent=27343"}],"wp:term":[{"taxonomy":"category","embeddable":true,"href":"https:\/\/peninsula360press.com\/es_mx\/wp-json\/wp\/v2\/categories?post=27343"},{"taxonomy":"post_tag","embeddable":true,"href":"https:\/\/peninsula360press.com\/es_mx\/wp-json\/wp\/v2\/tags?post=27343"}],"curies":[{"name":"wp","href":"https:\/\/api.w.org\/{rel}","templated":true}]}}