{"id":27756,"date":"2025-01-14T10:20:10","date_gmt":"2025-01-14T17:20:10","guid":{"rendered":"https:\/\/peninsula360press.com\/?p=27756"},"modified":"2025-01-15T14:12:30","modified_gmt":"2025-01-15T21:12:30","slug":"bomberos-mexicanos-en-california","status":"publish","type":"post","link":"https:\/\/peninsula360press.com\/es_mx\/bomberos-mexicanos-en-california\/","title":{"rendered":"Brigada de bomberos mexicanos en California avanza en mitigaci\u00f3n de incendios en Palisades"},"content":{"rendered":"<figure id=\"attachment_27758\" aria-describedby=\"caption-attachment-27758\" style=\"width: 1500px\" class=\"wp-caption alignnone\"><img fetchpriority=\"high\" decoding=\"async\" class=\"wp-image-27758 size-full\" src=\"https:\/\/peninsula360press.com\/wp-content\/uploads\/2025\/01\/mananera-14-enero-1.jpg\" alt=\"Brigada de bomberos mexicanos en California avanza en mitigaci\u00f3n de incendios en Palisades\" width=\"1500\" height=\"1000\" srcset=\"https:\/\/peninsula360press.com\/wp-content\/uploads\/2025\/01\/mananera-14-enero-1.jpg 1500w, https:\/\/peninsula360press.com\/wp-content\/uploads\/2025\/01\/mananera-14-enero-1-300x200.jpg 300w, https:\/\/peninsula360press.com\/wp-content\/uploads\/2025\/01\/mananera-14-enero-1-1024x683.jpg 1024w, https:\/\/peninsula360press.com\/wp-content\/uploads\/2025\/01\/mananera-14-enero-1-768x512.jpg 768w, https:\/\/peninsula360press.com\/wp-content\/uploads\/2025\/01\/mananera-14-enero-1-18x12.jpg 18w, https:\/\/peninsula360press.com\/wp-content\/uploads\/2025\/01\/mananera-14-enero-1-150x100.jpg 150w, https:\/\/peninsula360press.com\/wp-content\/uploads\/2025\/01\/mananera-14-enero-1-696x464.jpg 696w, https:\/\/peninsula360press.com\/wp-content\/uploads\/2025\/01\/mananera-14-enero-1-1068x712.jpg 1068w\" sizes=\"(max-width: 1500px) 100vw, 1500px\" \/><figcaption id=\"caption-attachment-27758\" class=\"wp-caption-text\">La coordinadora nacional de Protecci\u00f3n Civil de M\u00e9xico, Laura Vel\u00e1zquez Alz\u00faa, inform\u00f3 que la brigada de bomberos mexicanos en California, ya se encuentra en labores coordinadas con el gobierno local para la mitigaci\u00f3n de los devastadores incendios. Foto: <a href=\"https:\/\/www.gob.mx\/presidencia\/archivo\/galerias\" target=\"_blank\" rel=\"noopener\">Gobierno de M\u00e9xico<\/a><\/figcaption><\/figure>\n<p>Escicucha esta nota:<\/p>\n<audio class=\"wp-audio-shortcode\" id=\"audio-27756-1\" preload=\"none\" style=\"width: 100%;\" controls=\"controls\"><source type=\"audio\/mpeg\" src=\"https:\/\/peninsula360press.com\/wp-content\/uploads\/2025\/01\/Viviana-6359072.mp3?_=1\" \/><a href=\"https:\/\/peninsula360press.com\/wp-content\/uploads\/2025\/01\/Viviana-6359072.mp3\">https:\/\/peninsula360press.com\/wp-content\/uploads\/2025\/01\/Viviana-6359072.mp3<\/a><\/audio>\n<p>&nbsp;<\/p>\n<p><span style=\"font-weight: 400;\">La coordinadora nacional de Protecci\u00f3n Civil de M\u00e9xico, Laura Vel\u00e1zquez Alz\u00faa, inform\u00f3 que la brigada de bomberos que ha enviado M\u00e9xico a Los \u00c1ngeles, California, ya se encuentra en labores coordinadas con el gobierno local para la mitigaci\u00f3n de los devastadores incendios que han arrasado con m\u00e1s de 15 mil 600 hect\u00e1reas y por arriba de las 3 mil 600 infraestructuras.<\/span><\/p>\n<p><span style=\"font-weight: 400;\">As\u00ed lo apunt\u00f3 durante la conferencia matutina de la presidenta de M\u00e9xico, Claudia Sheinbaum, al comunicarse de manera remota y precisar que este martes, 14 de enero de 2025, se prev\u00e9 un despliegue para realizar labores de b\u00fasqueda y rescate en la infraestructura y viviendas afectadas.<\/span><\/p>\n<p><span style=\"font-weight: 400;\">Asimismo, detall\u00f3 que las brigadas de la CONAFOR est\u00e1n avanzando en la construcci\u00f3n y ampliaci\u00f3n de brechas cortafuego con motosierras y herramientas manuales, haciendo la apertura de nuevas brechas.<\/span><\/p>\n<p><span style=\"font-weight: 400;\">En ese sentido, apunt\u00f3 que la coordinaci\u00f3n ha sido absoluta con el gobierno de California, el cual ha agradecido el apoyo y ayuda ante el implacable siniestro.<\/span><\/p>\n<p><span style=\"font-weight: 400;\">\u201cEstamos trabajando en unidad conforme sus instrucciones, es una coordinaci\u00f3n absoluta con el gobierno de California a favor de la poblaci\u00f3n y refrendando nuestra solidaridad entre los pueblos de M\u00e9xico y Estados Unidos\u201d, precis\u00f3 Vel\u00e1zquez Alz\u00faa.<\/span><\/p>\n<p><span style=\"font-weight: 400;\">Al respecto, la presidenta Claudia Sheinbaum destac\u00f3 la solidaridad del pueblo mexicano y su capacidad y apoyo ante emergencias y necesidades.<\/span><\/p>\n<figure id=\"attachment_27759\" aria-describedby=\"caption-attachment-27759\" style=\"width: 1500px\" class=\"wp-caption alignnone\"><img decoding=\"async\" class=\"wp-image-27759 size-full\" src=\"https:\/\/peninsula360press.com\/wp-content\/uploads\/2025\/01\/mananera-14-enero.jpg\" alt=\"Brigada de bomberos mexicanos en California avanza en mitigaci\u00f3n de incendios en Palisades\" width=\"1500\" height=\"1000\" srcset=\"https:\/\/peninsula360press.com\/wp-content\/uploads\/2025\/01\/mananera-14-enero.jpg 1500w, https:\/\/peninsula360press.com\/wp-content\/uploads\/2025\/01\/mananera-14-enero-300x200.jpg 300w, https:\/\/peninsula360press.com\/wp-content\/uploads\/2025\/01\/mananera-14-enero-1024x683.jpg 1024w, https:\/\/peninsula360press.com\/wp-content\/uploads\/2025\/01\/mananera-14-enero-768x512.jpg 768w, https:\/\/peninsula360press.com\/wp-content\/uploads\/2025\/01\/mananera-14-enero-18x12.jpg 18w, https:\/\/peninsula360press.com\/wp-content\/uploads\/2025\/01\/mananera-14-enero-150x100.jpg 150w, https:\/\/peninsula360press.com\/wp-content\/uploads\/2025\/01\/mananera-14-enero-696x464.jpg 696w, https:\/\/peninsula360press.com\/wp-content\/uploads\/2025\/01\/mananera-14-enero-1068x712.jpg 1068w\" sizes=\"(max-width: 1500px) 100vw, 1500px\" \/><figcaption id=\"caption-attachment-27759\" class=\"wp-caption-text\">La presidenta Claudia Sheinbaum destac\u00f3 la solidaridad del pueblo mexicano y su capacidad y apoyo ante emergencias y necesidades. Foto: <a href=\"https:\/\/www.gob.mx\/presidencia\/archivo\/galerias\" target=\"_blank\" rel=\"noopener\">Gobierno de M\u00e9xico<\/a><\/figcaption><\/figure>\n<p><span style=\"font-weight: 400;\">\u201cNuestro gobierno es humanista, ante todo; esa es nuestra visi\u00f3n, nuestro pensamiento, y corresponde al pueblo de M\u00e9xico. El pueblo de M\u00e9xico es generoso y fraterno, y hoy el gobierno tiene como sustento el humanismo mexicano, y ah\u00ed donde podamos, siempre vamos a ayudar\u201d, dijo.<\/span><\/p>\n<p><span style=\"font-weight: 400;\">Agreg\u00f3 que se apoya particularmente a la ciudad de Los \u00c1ngeles, pues ha recibido a much\u00edsimos connacionales.<\/span><\/p>\n<p><span style=\"font-weight: 400;\">\u201cDurante mediades de del siglo XIX, todo el siglo XX y ahora, ha recibido a much\u00edsimos mexicanos, entonces es, de alguna manera, una forma muy peque\u00f1a (de apoyar) porque son 72 combatientes forestales y miembros de la SEDENA, de la Defensa, que son parte del plan DN-III-E y que son especialistas, entonces siempre nuestra solidaridad y apoyo, particularmente a esta ciudad que, pues somos hermanos\u201d, subray\u00f3 la mandataria mexicana.<\/span><\/p>\n<p><span style=\"font-weight: 400;\">Sheinbaum explic\u00f3 tambi\u00e9n que, en su momento, cuando se de el proceso de reconstrucci\u00f3n de la ciudad, \u201cpor supuesto va a requerir mano de obra, y no hay mejores trabajadores de la construcci\u00f3n que las y los mexicanos\u201d.<\/span><\/p>\n<p><span style=\"font-weight: 400;\">Recuento de incendios en Los \u00c1ngeles<\/span><\/p>\n<p><span style=\"font-weight: 400;\">Laura Vel\u00e1zquez Alz\u00faa record\u00f3 que los incendios forestales en el sur de California comenzaron e el 7 de enero de 2025 cerca de la localidad de Palisades, en el condado de Los \u00c1ngeles, el cual fue resultado de una combinaci\u00f3n de factores clim\u00e1ticos extremos y condiciones ambientales adversas.\u00a0<\/span><\/p>\n<p><span style=\"font-weight: 400;\">Durante los d\u00edas previos, se\u00f1al\u00f3, la regi\u00f3n experiment\u00f3 una intensa ola de calor, acompa\u00f1ada de vientos fuertes, lo que creo un ambiente propenso para la propagaci\u00f3n r\u00e1pida de las llamas, de acuerdo con el gobierno de California.<\/span><\/p>\n<p><b>Al momento, se ha emitido una alerta roja derivada del pronostico de vientos fuertes, entre 80 a 110 kil\u00f3metros por hora hasta el d\u00eda mi\u00e9rcoles y una humedad muy baja en gran parte del sur de California, desde San Luis Obispo hasta San Diego. Estas condiciones podr\u00edan incrementar el riesgo de una r\u00e1pida propagaci\u00f3n del fuego.<\/b><\/p>\n<p><span style=\"font-weight: 400;\">Asimismo, dijo, con informaci\u00f3n del gobierno de California, hay tres puntos en donde est\u00e1n ubicados los incendios: el m\u00e1s grande est\u00e1 en Palisades con una afectaci\u00f3n superior a las 9 mil 596 hect\u00e1reas con un control apenas del 14 por ciento; en Eaton con una afectaci\u00f3n de 5 mil 713 hect\u00e1reas, un control de 33 por ciento; y en Hurst con una afectaci\u00f3n de 323 hect\u00e1reas, con un control del 95 por ciento.<\/span><\/p>\n<p><span style=\"font-weight: 400;\">Las afectaciones por estos tres eventos relevantes alcanzan una suma total de 15 mil 632 hect\u00e1reas afectadas y 3 mil 644 da\u00f1os a infraestructura hidr\u00e1ulica y de energ\u00eda, as\u00ed como en vivienda. De igual manera, se inform\u00f3 que se han evacuado a m\u00e1s de 70 mil personas.<\/span><\/p>\n<p><span style=\"font-weight: 400;\">Los recursos del gobierno de Estados Unidos son de 15 mil elementos, mil 460 camiones de bomberos, 80 aeronaves, 170 pipas y 175 de maquinaria pesada.<\/span><\/p>\n<p><span style=\"font-weight: 400;\">El pasado 11 de enero, por instrucciones de la presidenta de M\u00e9xico, Claudia Sheinbaum, dos aeronaves de la Fuerza A\u00e9rea Mexicana despegaron de Santa Lucia rumbo a Los \u00c1ngeles, California con una delegaci\u00f3n del gobierno de M\u00e9xico, integrada por la Defensa Nacional, la CONAFOR, la Coordinaci\u00f3n Nacional de Protecci\u00f3n Civil y la Secretar\u00eda de Relaciones Exteriores a fin de apoyar en las acciones de respuesta ante los incendios forestales a trav\u00e9s de una fuerza de tarea de 72 elementos especializados.<\/span><\/p>\n<p><span style=\"font-weight: 400;\">\u201cSomos la primera delegaci\u00f3n internacional en sumarse a las labores de respuesta para el combate de los incendios en California\u201d, detall\u00f3 la coordinadora.<\/span><\/p>\n<blockquote class=\"twitter-tweet\" data-media-max-width=\"560\">\n<p dir=\"ltr\" lang=\"es\">Hoy, en la <a href=\"https:\/\/twitter.com\/hashtag\/Ma%C3%B1aneraDelPueblo?src=hash&amp;ref_src=twsrc%5Etfw\" target=\"_blank\" rel=\"noopener\">#Ma\u00f1aneraDelPueblo<\/a>, la titular de la <a href=\"https:\/\/twitter.com\/hashtag\/CNPC?src=hash&amp;ref_src=twsrc%5Etfw\" target=\"_blank\" rel=\"noopener\">#CNPC<\/a>, <a href=\"https:\/\/twitter.com\/laualzua?ref_src=twsrc%5Etfw\" target=\"_blank\" rel=\"noopener\">@laualzua<\/a>, inform\u00f3 las acciones que realiza el equipo mexicano en apoyo al combate de los incendios en California.<\/p>\n<p>\u201cSomos la primera delegaci\u00f3n internacional en sumarse a las labores de respuesta\u201d \ud83c\uddf2\ud83c\uddfd\ud83e\udd1d\ud83c\uddfa\ud83c\uddf8 <a href=\"https:\/\/t.co\/EszlsQyD8m\">pic.twitter.com\/EszlsQyD8m<\/a><\/p>\n<p>\u2014 Coordinaci\u00f3n Nacional de Protecci\u00f3n Civil (@CNPC_MX) <a href=\"https:\/\/twitter.com\/CNPC_MX\/status\/1879187401375133880?ref_src=twsrc%5Etfw\" target=\"_blank\" rel=\"noopener\">January 14, 2025<\/a><\/p><\/blockquote>\n<p><script async src=\"https:\/\/platform.twitter.com\/widgets.js\" charset=\"utf-8\"><\/script><\/p>\n<p><span style=\"font-weight: 400;\">Ese mismo s\u00e1bado, la delegaci\u00f3n mexicana arribo al Aeropuerto Internacional de Los \u00c1ngeles, fue recibida por el gobernador de California, Gavin Newsom, quien agradeci\u00f3 el apoyo del gobierno de M\u00e9xico y de su presidenta, en la atenci\u00f3n de los incendios.\u00a0<\/span><\/p>\n<p><span style=\"font-weight: 400;\">La comitiva se traslad\u00f3 al centro log\u00edstico instalado en Viewmont, California, el cual est\u00e1 completamente equipado con todos los suministros esenciales para brindar el apoyo al personal que atiende la emergencia.<\/span><\/p>\n<p><span style=\"font-weight: 400;\">Al d\u00eda siguiente, el domingo 12 de enero, la delegaci\u00f3n mexicana de combatientes del fuego y especialistas en protecci\u00f3n civil se reportaron preparados para el puesto de comando de incidentes, donde el gobierno de California complement\u00f3 el equipamiento para el combate terrestre del equipo mexicano.<\/span><\/p>\n<p><span style=\"font-weight: 400;\">El mismo domingo, hubo una sesi\u00f3n informativa dirigida por el personal t\u00e9cnico del Departamento contra Incendios del gobierno de California en donde se pudo dar un protocolo de coordinaci\u00f3n binacional, cuyo objetivo es optimizar las estrategias conjuntas en el combate de incendios. Ah\u00ed se pudieron compartir experiencias por ambos pa\u00edses y poder enfrentar estos incendios en California de manera conjunta, en unidad y respeto.<\/span><\/p>\n<p><span style=\"font-weight: 400;\">Asimismo, se trasladaron al \u00e1rea de monitoreo y de supervisi\u00f3n, donde se coordina el despliegue de recursos a\u00e9reos y terrestres con el objetivo de conocer los protocolos de operaci\u00f3n.<\/span><\/p>\n<p><span style=\"font-weight: 400;\">Para este lunes 13 de enero, la delegaci\u00f3n mexicana arrib\u00f3 al puesto de comando integr\u00e1ndose a la estructura operativa para apoyar las acciones de respuesta, de la evaluaci\u00f3n de las capacidades del equipo mexicano, donde se asignaron las siguientes operaciones: la Comisi\u00f3n Nacional Forestal para realizar las tareas del manejo del fuego y la Secretar\u00eda de la Defensa Nacional para llevar a cabo labores de b\u00fasqueda y rescate, mientras que la CNPC colabora en las labores de mitigaci\u00f3n de incendios forestales en conjunto con las autoridades locales.<\/span><\/p>\n<p><span style=\"font-weight: 400;\">El batall\u00f3n de Atenci\u00f3n de Emergencias de la Defensa, est\u00e1 contribuyendo con el departamento contra incendios del gobierno de California de una manera coordinada con tareas espec\u00edficas.<\/span><\/p>\n<p><em><strong>Te puede interesar:<\/strong> <a href=\"https:\/\/peninsula360press.com\/es_mx\/ayuda-de-mexico\/\">Gobernador de California recibe y agradece ayuda de M\u00e9xico para enfrentar catastr\u00f3ficos incendios<\/a><\/em><\/p>\n","protected":false},"excerpt":{"rendered":"<p>Escicucha esta nota: &nbsp; La coordinadora nacional de Protecci\u00f3n Civil de M\u00e9xico, Laura Vel\u00e1zquez Alz\u00faa, inform\u00f3 que la brigada de bomberos que ha enviado M\u00e9xico a Los \u00c1ngeles, California, ya se encuentra en labores coordinadas con el gobierno local para la mitigaci\u00f3n de los devastadores incendios que han arrasado con m\u00e1s de 15 mil 600 [&hellip;]<\/p>\n","protected":false},"author":7,"featured_media":27758,"comment_status":"open","ping_status":"open","sticky":false,"template":"","format":"standard","meta":{"footnotes":""},"categories":[8,6],"tags":[],"class_list":{"0":"post-27756","1":"post","2":"type-post","3":"status-publish","4":"format-standard","5":"has-post-thumbnail","7":"category-usworld","8":"category-habitat"},"_links":{"self":[{"href":"https:\/\/peninsula360press.com\/es_mx\/wp-json\/wp\/v2\/posts\/27756","targetHints":{"allow":["GET"]}}],"collection":[{"href":"https:\/\/peninsula360press.com\/es_mx\/wp-json\/wp\/v2\/posts"}],"about":[{"href":"https:\/\/peninsula360press.com\/es_mx\/wp-json\/wp\/v2\/types\/post"}],"author":[{"embeddable":true,"href":"https:\/\/peninsula360press.com\/es_mx\/wp-json\/wp\/v2\/users\/7"}],"replies":[{"embeddable":true,"href":"https:\/\/peninsula360press.com\/es_mx\/wp-json\/wp\/v2\/comments?post=27756"}],"version-history":[{"count":3,"href":"https:\/\/peninsula360press.com\/es_mx\/wp-json\/wp\/v2\/posts\/27756\/revisions"}],"predecessor-version":[{"id":27763,"href":"https:\/\/peninsula360press.com\/es_mx\/wp-json\/wp\/v2\/posts\/27756\/revisions\/27763"}],"wp:featuredmedia":[{"embeddable":true,"href":"https:\/\/peninsula360press.com\/es_mx\/wp-json\/wp\/v2\/media\/27758"}],"wp:attachment":[{"href":"https:\/\/peninsula360press.com\/es_mx\/wp-json\/wp\/v2\/media?parent=27756"}],"wp:term":[{"taxonomy":"category","embeddable":true,"href":"https:\/\/peninsula360press.com\/es_mx\/wp-json\/wp\/v2\/categories?post=27756"},{"taxonomy":"post_tag","embeddable":true,"href":"https:\/\/peninsula360press.com\/es_mx\/wp-json\/wp\/v2\/tags?post=27756"}],"curies":[{"name":"wp","href":"https:\/\/api.w.org\/{rel}","templated":true}]}}