{"id":27783,"date":"2025-01-15T10:19:12","date_gmt":"2025-01-15T17:19:12","guid":{"rendered":"https:\/\/peninsula360press.com\/?p=27783"},"modified":"2025-01-15T21:43:58","modified_gmt":"2025-01-16T04:43:58","slug":"valle-central-de-california","status":"publish","type":"post","link":"https:\/\/peninsula360press.com\/es_mx\/valle-central-de-california\/","title":{"rendered":"Miedo e incertidumbre en el Valle Central de California tras redadas de inmigraci\u00f3n; organizaciones advierten fuerte golpe al sector agr\u00edcola"},"content":{"rendered":"<figure id=\"attachment_27786\" aria-describedby=\"caption-attachment-27786\" style=\"width: 2560px\" class=\"wp-caption alignnone\"><img fetchpriority=\"high\" decoding=\"async\" class=\"wp-image-27786 size-full\" src=\"https:\/\/peninsula360press.com\/wp-content\/uploads\/2025\/01\/Mari-Perez-Valle-Central-de-California-scaled.jpg\" alt=\"Mari P\u00e9rez Ru\u00edz en una reuni\u00f3n comunitaria con campesinos ind\u00edgenas del Valle Central de California afectados por las redadas. Foto: Manuel Ortiz P360P\" width=\"2560\" height=\"1707\" srcset=\"https:\/\/peninsula360press.com\/wp-content\/uploads\/2025\/01\/Mari-Perez-Valle-Central-de-California-scaled.jpg 2560w, https:\/\/peninsula360press.com\/wp-content\/uploads\/2025\/01\/Mari-Perez-Valle-Central-de-California-300x200.jpg 300w, https:\/\/peninsula360press.com\/wp-content\/uploads\/2025\/01\/Mari-Perez-Valle-Central-de-California-1024x683.jpg 1024w, https:\/\/peninsula360press.com\/wp-content\/uploads\/2025\/01\/Mari-Perez-Valle-Central-de-California-768x512.jpg 768w, https:\/\/peninsula360press.com\/wp-content\/uploads\/2025\/01\/Mari-Perez-Valle-Central-de-California-18x12.jpg 18w, https:\/\/peninsula360press.com\/wp-content\/uploads\/2025\/01\/Mari-Perez-Valle-Central-de-California-150x100.jpg 150w, https:\/\/peninsula360press.com\/wp-content\/uploads\/2025\/01\/Mari-Perez-Valle-Central-de-California-696x464.jpg 696w, https:\/\/peninsula360press.com\/wp-content\/uploads\/2025\/01\/Mari-Perez-Valle-Central-de-California-1068x712.jpg 1068w\" sizes=\"(max-width: 2560px) 100vw, 2560px\" \/><figcaption id=\"caption-attachment-27786\" class=\"wp-caption-text\">Mari P\u00e9rez Ru\u00edz en una reuni\u00f3n comunitaria con campesinos ind\u00edgenas del Valle Central de California afectados por las redadas. Foto: Manuel Ortiz Esc\u00e1mez P360P<\/figcaption><\/figure>\n<p><iframe style=\"border-radius: 12px;\" src=\"https:\/\/open.spotify.com\/embed\/episode\/1RFNgnAgh58lA1OHEPW2Kr?utm_source=generator\" width=\"100%\" height=\"152\" frameborder=\"0\" allowfullscreen=\"allowfullscreen\"><\/iframe><\/p>\n<p><span style=\"color: #808080;\"><strong><em>Este es un trabajo colaborativo de los periodistas Peter Schurmann, Nicol\u00e1s D\u00edaz Magaloni y Manuel Ortiz Esc\u00e1mez, de Pen\u00ednsula 360 Press y Ethnic Media Services.<\/em><\/strong><\/span><\/p>\n<p><span style=\"font-weight: 400;\">De un d\u00eda a otro, algunos ranchos agr\u00edcolas en el Valle Central de California se ven vac\u00edos, y es que gran parte de las manos que trabajan dichos campos son inmigrantes indocumentados que, ahora, por miedo a ser arrestados y deportados en redadas del ICE, se han visto en la necesidad de no ir a trabajar, situaci\u00f3n que no solo afecta sus bolsillos, sino a un sector primordial para el estado.<\/span><\/p>\n<p><span style=\"font-weight: 400;\">\u201cCampesinos y campesinas de la zona est\u00e1n muy espantados, les tom\u00f3 por sorpresa (estas redadas). La mayor parte de estas personas no est\u00e1n yendo a trabajar, por tanto, si los campesinos se paran, se para el campo californiano; el Valle Central es una regi\u00f3n agr\u00edcola y es una de las m\u00e1s importantes del mundo, es decir, estos campesinos no solo trabajan para que nos alimentemos en todos los Estados Unidos sino en gran parte del mundo y estas son las devastadoras y terribles consecuencias de las redadas\u201d.<\/span><\/p>\n<p><span style=\"font-weight: 400;\">As\u00ed lo dijo Manuel Ortiz durante el espacio de radio de Pen\u00ednsula 360 Press en el programa Hecho en California con Marcos Guti\u00e9rrez, donde present\u00f3 a Mari P\u00e9rez Ru\u00edz, directora ejecutiva de la <\/span><a href=\"https:\/\/www.cvempowermentalliance.org\/\" target=\"_blank\" rel=\"noopener\"><span style=\"font-weight: 400;\">Alianza para el Empoderamiento del Valle Central<\/span><\/a><span style=\"font-weight: 400;\">, quien destac\u00f3 el impacto de las redadas en el condado de Tulare por parte del <a href=\"https:\/\/www.ice.gov\/es\" target=\"_blank\" rel=\"noopener\">Servicio de Inmigraci\u00f3n y Control de Aduanas de EE. UU.<\/a> (ICE, por sus siglas en ingl\u00e9s).<\/span><\/p>\n<p><span style=\"font-weight: 400;\">\u201cNuestras comunidades rurales aqu\u00ed en el condado de Tulare han sido impactadas por las redadas de inmigraci\u00f3n de ICE. Unas de las comunidades m\u00e1s afectadas fue la ind\u00edgena de los estados de Guerrero, Chiapas y Oaxaca, y tambi\u00e9n ha creado mucha inquietud en nuestra comunidad agr\u00edcola que tambi\u00e9n es conformada por la comunidad filipina al igual que los mexicanos\u201d, dijo P\u00e9rez Ru\u00edz.<\/span><\/p>\n<p><span style=\"font-weight: 400;\">La activista se\u00f1al\u00f3 que, desde el d\u00eda que comenzaron las redadas, se supo que estos agentes acud\u00edan a gasoliner\u00edas, supermercados, tiendas de alimentos y el campo, lugares donde los inmigrantes hacen sus tareas diarias, asegurando que buscan a personas que tienen alg\u00fan problema legal o que han cometido alg\u00fan delito, sin embargo, la organizaci\u00f3n ha corroborado que dicha narrativa es falsa.<\/span><\/p>\n<p><span style=\"font-weight: 400;\">\u201cSe ha dicho la narrativa de que van por personas que tienen antecedentes o algo legal pendiente, pero lo que nosotros hemos visto en la comunidad es que no es cierto, no hay nada que haya corroborado esa narrativa que se ha dicho, el ICE viene a las comunidades donde la gente est\u00e1 haciendo cosas diarias como de ir a comprar comida para la familia, ir a trabajar, ir a poner gasolina a su carro para el d\u00eda de trabajo, es lo que estamos viendo\u201d, subray\u00f3.<\/span><\/p>\n<figure id=\"attachment_27789\" aria-describedby=\"caption-attachment-27789\" style=\"width: 2560px\" class=\"wp-caption alignnone\"><img decoding=\"async\" class=\"wp-image-27789 size-full\" src=\"https:\/\/peninsula360press.com\/wp-content\/uploads\/2025\/01\/Valle-Central-de-California-1-scaled.jpg\" alt=\"\" width=\"2560\" height=\"1707\" srcset=\"https:\/\/peninsula360press.com\/wp-content\/uploads\/2025\/01\/Valle-Central-de-California-1-scaled.jpg 2560w, https:\/\/peninsula360press.com\/wp-content\/uploads\/2025\/01\/Valle-Central-de-California-1-300x200.jpg 300w, https:\/\/peninsula360press.com\/wp-content\/uploads\/2025\/01\/Valle-Central-de-California-1-1024x683.jpg 1024w, https:\/\/peninsula360press.com\/wp-content\/uploads\/2025\/01\/Valle-Central-de-California-1-768x512.jpg 768w, https:\/\/peninsula360press.com\/wp-content\/uploads\/2025\/01\/Valle-Central-de-California-1-18x12.jpg 18w, https:\/\/peninsula360press.com\/wp-content\/uploads\/2025\/01\/Valle-Central-de-California-1-150x100.jpg 150w, https:\/\/peninsula360press.com\/wp-content\/uploads\/2025\/01\/Valle-Central-de-California-1-696x464.jpg 696w, https:\/\/peninsula360press.com\/wp-content\/uploads\/2025\/01\/Valle-Central-de-California-1-1068x712.jpg 1068w\" sizes=\"(max-width: 2560px) 100vw, 2560px\" \/><figcaption id=\"caption-attachment-27789\" class=\"wp-caption-text\">La activista se\u00f1al\u00f3 que, desde el d\u00eda que comenzaron las redadas, se supo que estos agentes acud\u00edan a gasoliner\u00edas, supermercados, tiendas de alimentos y el campo, lugares donde los inmigrantes hacen sus tareas diarias, asegurando que buscan a personas que tienen alg\u00fan problema legal o que han cometido alg\u00fan delito, sin embargo, la organizaci\u00f3n ha corroborado que dicha narrativa es falsa. Foto: Manuel Ortiz Esc\u00e1mez P360P<\/figcaption><\/figure>\n<p><span style=\"font-weight: 400;\">Asimismo, asegur\u00f3 que familias han documentado que tienen miedo de que sus familias sean detenidas y necesitan recursos informaci\u00f3n, misma que no ha llegado de manera r\u00e1pida y constante en las \u00e1reas afectadas.<\/span><\/p>\n<p><span style=\"font-weight: 400;\">En ese sentido, Mari P\u00e9rez Ru\u00edz detall\u00f3 que la organizaci\u00f3n que lidera est\u00e1 trabajando con organizaciones como <\/span><a href=\"https:\/\/publicadvocates.org\/\" target=\"_blank\" rel=\"noopener\"><span style=\"font-weight: 400;\">Public Advocates<\/span><\/a><span style=\"font-weight: 400;\"> de Sacramento y con la <\/span><a href=\"https:\/\/ufw.org\/es\/\" target=\"_blank\" rel=\"noopener\"><span style=\"font-weight: 400;\">Uni\u00f3n de Campesinos<\/span><\/a><span style=\"font-weight: 400;\"> (UFW, por sus siglas en ingl\u00e9s), con quienes se busca proveer de talleres a inmigrantes donde conozcan de sus derechos, y con ello puedan abogar por s\u00ed mismos y por sus seres queridos, incluso, prevenir una detenci\u00f3n o la deportaci\u00f3n.<\/span><\/p>\n<p><span style=\"font-weight: 400;\">Ante ello, P\u00e9rez Ru\u00edz dijo que cuentan con una abogada por parte de la <a href=\"https:\/\/www.aclu.org\/\" target=\"_blank\" rel=\"noopener\">Uni\u00f3n Estadounidense de Libertades Civiles<\/a> (ACLU, por sus siglas en ingl\u00e9s), de nombre Mayra, y quien est\u00e1 dispuesta a recibir llamadas directas de la comunidad para poder tomar sus datos y revisar sus casos y recursos para ayudarles ante una posible deportaci\u00f3n. Su n\u00famero de tel\u00e9fono es el (213) 977-52-91, brindando servicios en los condados de Tulare y Kern.<\/span><\/p>\n<p><span style=\"font-weight: 400;\">Asimismo, dijo que la Alianza de Empoderamiento del Valle Central (CVEA, por sus siglas en ingl\u00e9s), tambi\u00e9n busca conocer a las familias impactadas por estas redadas, a fin de conocer sus necesidades.<\/span><\/p>\n<p><span style=\"font-weight: 400;\">\u201cNosotros como organizaci\u00f3n queremos saber cu\u00e1les son esas familias impactadas, porque a lo mejor tienen hijos, familias, que van a quedarse indefensas, que no van a tener recursos, y queremos conectar con qui\u00e9nes son para poder ayudar con asistencia de renta, proveer comida, recursos legales, y poder darles la informaci\u00f3n que ellos necesitan, porque tienen muchas preguntas y no hay informaci\u00f3n constante\u201d, dijo.<\/span><\/p>\n<p><span style=\"font-weight: 400;\">Mari P\u00e9rez Ru\u00edz tambi\u00e9n proporcion\u00f3 su n\u00famero telef\u00f3nico para aquellos que est\u00e9n siendo afectados por las redadas, especialmente en los condados de Tulare, sin embargo, dan tambi\u00e9n atenci\u00f3n a los condados de Madera, Fresno, Kern y Kings. Los interesados pueden contactarla al (916) 396-99-44.<\/span><\/p>\n<p><span style=\"font-weight: 400;\">\u201cNuestro intento no es de proveer servicios, aunque s\u00ed lo estamos haciendo, pero es de crear el liderazgo para poder cambiar nuestras comunidades para que tenga m\u00e1s equidad y que haya justicia racial y social\u201d, puntualiz\u00f3.<\/span><\/p>\n<p><span style=\"font-weight: 400;\">Por otra parte, record\u00f3 que en condados como Tulare y Kern hay un alto \u00edndice de personas que son afines a la ret\u00f3rica antiinmigrante de Donald Trump, desde propietarias de ranchos, hasta las mismas autoridades como Departamentos de Polic\u00edas y Sheriffs.<\/span><\/p>\n<p><span style=\"font-weight: 400;\">A ello sum\u00f3 que si bien el sector agr\u00edcola en el estado, tiene mucho que perder con estas redadas, son los due\u00f1os de estas granjas y ranchos los primero en obtener subsidios y ayudas por p\u00e9rdidas en sus cosechas. Y es que, muchos de ellos creen que son los inmigrantes, sobre todo los indocumentados, los que reciben m\u00e1s ayuda en momentos de crisis como estos, sin embargo, la verdad es otra.\u00a0<\/span><\/p>\n<p><span style=\"font-weight: 400;\">Arturo Rodr\u00edguez, tambi\u00e9n de CVEA, refiri\u00f3 que ni\u00f1os ya comienzan a presentar miedo ante las redadas, pensando en si pueden salir a jugar y no ser\u00e1n llevados.<\/span><\/p>\n<p><span style=\"font-weight: 400;\">\u201cLo m\u00e1s duro de ver fue que una ni\u00f1a y un ni\u00f1o, de cuatro y de seis a\u00f1os, tuvieron que preguntarle a su mam\u00e1 si pod\u00edan salir y si era seguro, tambi\u00e9n unos me platicaron que no han ido a la escuela estos \u00faltimos d\u00edas. Entonces, ponte a pensar el terror que le puede pegar a nuestra infancia, a nuestros ni\u00f1os que no deber\u00edan estar preocupados por cosas de adultos, ellos deben estar preocupadas por ir a jugar, por ir a la escuela, por ponerse sus mochilas, por taparse la cabeza porque est\u00e1 haciendo fr\u00edo, pero no de tener miedo de salir a la tienda o de salir al frente de su casa porque se pueden llevar a su papi o a su mami e, incluso, hasta ellos\u201d.<\/span><\/p>\n<p><span style=\"font-weight: 400;\">Manuel se encuentra con los periodistas Peter Schumann y Nicol\u00e1s D\u00edaz Magaloni en la ciudad de Poplar, del condado de Tulare, una zona rural donde realizan un trabajo de colaboraci\u00f3n entre Pen\u00ednsula 360 Press y Ethnic Media Services.<\/span><\/p>\n<p><span style=\"font-weight: 400;\">All\u00ed, dijo Manuel, los tres han estado recorriendo la zona y para su sorpresa, las personas les han dicho que pensaban que las redadas eran un invento de la prensa, rumores que hab\u00edan lanzado para preocuparles, pero a\u00fan falta una semana para que Donald Trump tome protesta como el pr\u00f3ximo presidente de Estados Unidos y las cosas ya se ven graves, pues algunos interpretan estas pesquisas como un mensaje de las autoridades locales, particularmente de polic\u00edas, para La Casa Blanca para el nuevo presidente, \u201cdecirle: estamos aqu\u00ed, estamos con usted, a sus \u00f3rdenes\u201d.<\/span><\/p>\n<figure id=\"attachment_27788\" aria-describedby=\"caption-attachment-27788\" style=\"width: 2560px\" class=\"wp-caption alignnone\"><img decoding=\"async\" class=\"wp-image-27788 size-full\" src=\"https:\/\/peninsula360press.com\/wp-content\/uploads\/2025\/01\/Valle-Central-de-California-2-scaled.jpg\" alt=\"\" width=\"2560\" height=\"1707\" srcset=\"https:\/\/peninsula360press.com\/wp-content\/uploads\/2025\/01\/Valle-Central-de-California-2-scaled.jpg 2560w, https:\/\/peninsula360press.com\/wp-content\/uploads\/2025\/01\/Valle-Central-de-California-2-300x200.jpg 300w, https:\/\/peninsula360press.com\/wp-content\/uploads\/2025\/01\/Valle-Central-de-California-2-1024x683.jpg 1024w, https:\/\/peninsula360press.com\/wp-content\/uploads\/2025\/01\/Valle-Central-de-California-2-768x512.jpg 768w, https:\/\/peninsula360press.com\/wp-content\/uploads\/2025\/01\/Valle-Central-de-California-2-18x12.jpg 18w, https:\/\/peninsula360press.com\/wp-content\/uploads\/2025\/01\/Valle-Central-de-California-2-150x100.jpg 150w, https:\/\/peninsula360press.com\/wp-content\/uploads\/2025\/01\/Valle-Central-de-California-2-696x464.jpg 696w, https:\/\/peninsula360press.com\/wp-content\/uploads\/2025\/01\/Valle-Central-de-California-2-1068x712.jpg 1068w\" sizes=\"(max-width: 2560px) 100vw, 2560px\" \/><figcaption id=\"caption-attachment-27788\" class=\"wp-caption-text\">Las personas han dicho que pensaban que las redadas eran un invento de la prensa, rumores que hab\u00edan lanzado para preocuparles, pero a\u00fan falta una semana para que Donald Trump tome protesta como el pr\u00f3ximo presidente de Estados Unidos y las cosas ya se ven graves. Foto: Manuel Ortiz P360<\/figcaption><\/figure>\n<p><span style=\"font-weight: 400;\">Explic\u00f3 que tambi\u00e9n han escuchado testimonios de que los oficiales de inmigraci\u00f3n est\u00e1n siguiendo un perfil \u00e9tnico y racial, \u201ces decir, por la apariencia de las personas es como est\u00e1n deteniendo\u201d.<\/span><\/p>\n<p><span style=\"font-weight: 400;\">A ello sum\u00f3 que hay una propuesta de ley, la HR29, que ya fue la aprobada en la c\u00e1mara de representantes con respaldo dem\u00f3crata y republicano, y que ahora va al Senado, esperando que sea aprobada antes del 20 de enero, d\u00eda en que Trump toma el poder, e implica que \u201clos agentes de inmigraci\u00f3n van a poder detener con mucha m\u00e1s facilidad a cualquier persona, no necesariamente se van a enfocar en delitos graves, ya lo est\u00e1n haciendo, lo estamos viendo en Valle Central, pero esta ley todav\u00eda les va a facilitar mucho m\u00e1s este tipo de comportamiento como el que estamos viendo aqu\u00ed\u201d.<\/span><\/p>\n<p><span style=\"font-weight: 400;\">Manuel, Peter y Nicol\u00e1s contin\u00faan buscando a los due\u00f1os de granjas y ranchos en el Valle Central para conocer su punto de vista de estas redadas y como afecta a sus negocios, sin embargo, dijeron, no es tarea f\u00e1cil.<\/span><\/p>\n<p><span style=\"font-weight: 400;\">Manuel Ortiz llam\u00f3 a hacer conciencia de que las redadas son reales y est\u00e1n sucediendo en diferentes partes del estado.<\/span><\/p>\n<p><span style=\"font-weight: 400;\">\u201cEs real lo que est\u00e1 sucediendo, tomen sus precauciones, organicen e identifiquen a las organizaciones de base que est\u00e1n en sus comunidades trabajando en estos temas, que se acerquen, que tomen los tel\u00e9fonos necesarios y que hagan a estas organizaciones las preguntas que tengan que hacer o que incluso se acerquen a sus consulados, yo creo que es momento de unidad\u201d, dijo.<\/span><\/p>\n<p><span style=\"font-weight: 400;\">\u201cEstamos a unos d\u00edas de un cambio que puede ser radical en los Estados Unidos, no lo sabemos, pero estas redadas han empezado, esto es real, as\u00ed que hay que comenzar a prepararnos y a estar muy unidos, tanto periodistas comunitarios y organizaciones, muy unidos porque yo pienso que la uni\u00f3n va a ser lo que nos permita salir adelante de esto que se nos viene\u201d, finaliz\u00f3.<\/span><\/p>\n<p><em><strong>Te puede interesar:<\/strong> <a href=\"https:\/\/peninsula360press.com\/es_mx\/detencion-de-indocumentados-en-san-francisco\/\">Detenci\u00f3n de indocumentados en San Francisco genera preocupaci\u00f3n en la comunidad inmigrante<\/a><\/em><\/p>\n","protected":false},"excerpt":{"rendered":"<p>Este es un trabajo colaborativo de los periodistas Peter Schurmann, Nicol\u00e1s D\u00edaz Magaloni y Manuel Ortiz Esc\u00e1mez, de Pen\u00ednsula 360 Press y Ethnic Media Services. De un d\u00eda a otro, algunos ranchos agr\u00edcolas en el Valle Central de California se ven vac\u00edos, y es que gran parte de las manos que trabajan dichos campos son [&hellip;]<\/p>\n","protected":false},"author":7,"featured_media":27786,"comment_status":"open","ping_status":"open","sticky":false,"template":"","format":"standard","meta":{"footnotes":""},"categories":[317,118],"tags":[],"class_list":{"0":"post-27783","1":"post","2":"type-post","3":"status-publish","4":"format-standard","5":"has-post-thumbnail","7":"category-cover-2","8":"category-migracion"},"_links":{"self":[{"href":"https:\/\/peninsula360press.com\/es_mx\/wp-json\/wp\/v2\/posts\/27783","targetHints":{"allow":["GET"]}}],"collection":[{"href":"https:\/\/peninsula360press.com\/es_mx\/wp-json\/wp\/v2\/posts"}],"about":[{"href":"https:\/\/peninsula360press.com\/es_mx\/wp-json\/wp\/v2\/types\/post"}],"author":[{"embeddable":true,"href":"https:\/\/peninsula360press.com\/es_mx\/wp-json\/wp\/v2\/users\/7"}],"replies":[{"embeddable":true,"href":"https:\/\/peninsula360press.com\/es_mx\/wp-json\/wp\/v2\/comments?post=27783"}],"version-history":[{"count":5,"href":"https:\/\/peninsula360press.com\/es_mx\/wp-json\/wp\/v2\/posts\/27783\/revisions"}],"predecessor-version":[{"id":27792,"href":"https:\/\/peninsula360press.com\/es_mx\/wp-json\/wp\/v2\/posts\/27783\/revisions\/27792"}],"wp:featuredmedia":[{"embeddable":true,"href":"https:\/\/peninsula360press.com\/es_mx\/wp-json\/wp\/v2\/media\/27786"}],"wp:attachment":[{"href":"https:\/\/peninsula360press.com\/es_mx\/wp-json\/wp\/v2\/media?parent=27783"}],"wp:term":[{"taxonomy":"category","embeddable":true,"href":"https:\/\/peninsula360press.com\/es_mx\/wp-json\/wp\/v2\/categories?post=27783"},{"taxonomy":"post_tag","embeddable":true,"href":"https:\/\/peninsula360press.com\/es_mx\/wp-json\/wp\/v2\/tags?post=27783"}],"curies":[{"name":"wp","href":"https:\/\/api.w.org\/{rel}","templated":true}]}}