{"id":27964,"date":"2025-01-22T12:54:44","date_gmt":"2025-01-22T19:54:44","guid":{"rendered":"https:\/\/peninsula360press.com\/?p=27964"},"modified":"2025-01-22T13:08:31","modified_gmt":"2025-01-22T20:08:31","slug":"dialogo-entre-mexico-y-estados-unidos","status":"publish","type":"post","link":"https:\/\/peninsula360press.com\/es_mx\/dialogo-entre-mexico-y-estados-unidos\/","title":{"rendered":"Inicia di\u00e1logo entre M\u00e9xico y Estados Unidos en materia migratoria"},"content":{"rendered":"<figure id=\"attachment_27968\" aria-describedby=\"caption-attachment-27968\" style=\"width: 1500px\" class=\"wp-caption alignnone\"><img fetchpriority=\"high\" decoding=\"async\" class=\"wp-image-27968 size-full\" src=\"https:\/\/peninsula360press.com\/wp-content\/uploads\/2025\/01\/claudia-sheinbaum-22-enero.jpg\" alt=\"Inicia di\u00e1logo entre M\u00e9xico y Estados Unidos en materia migratoria\" width=\"1500\" height=\"1000\" srcset=\"https:\/\/peninsula360press.com\/wp-content\/uploads\/2025\/01\/claudia-sheinbaum-22-enero.jpg 1500w, https:\/\/peninsula360press.com\/wp-content\/uploads\/2025\/01\/claudia-sheinbaum-22-enero-300x200.jpg 300w, https:\/\/peninsula360press.com\/wp-content\/uploads\/2025\/01\/claudia-sheinbaum-22-enero-1024x683.jpg 1024w, https:\/\/peninsula360press.com\/wp-content\/uploads\/2025\/01\/claudia-sheinbaum-22-enero-768x512.jpg 768w, https:\/\/peninsula360press.com\/wp-content\/uploads\/2025\/01\/claudia-sheinbaum-22-enero-18x12.jpg 18w, https:\/\/peninsula360press.com\/wp-content\/uploads\/2025\/01\/claudia-sheinbaum-22-enero-150x100.jpg 150w, https:\/\/peninsula360press.com\/wp-content\/uploads\/2025\/01\/claudia-sheinbaum-22-enero-696x464.jpg 696w, https:\/\/peninsula360press.com\/wp-content\/uploads\/2025\/01\/claudia-sheinbaum-22-enero-1068x712.jpg 1068w\" sizes=\"(max-width: 1500px) 100vw, 1500px\" \/><figcaption id=\"caption-attachment-27968\" class=\"wp-caption-text\">La presidenta de M\u00e9xico, Claudia Sheinbaum Pardo, se\u00f1al\u00f3 que inici\u00f3 el di\u00e1logo entre M\u00e9xico y Estados Unidos con <span style=\"font-weight: 400;\">el canciller mexicano, Juan Ram\u00f3n de la Fuente y <\/span>el secretario de estado de Estados Unidos, Marco Rubio, las cuales fueron \u201cmuy cordiales\u201d y en donde se trataron temas de migraci\u00f3n y seguridad. Foto: <a href=\"https:\/\/www.gob.mx\/presidencia\/galerias\/mananera-del-pueblo-miercoles-22-de-enero-de-2025\" target=\"_blank\" rel=\"noopener\">Presidencia\u00a0<\/a><\/figcaption><\/figure>\n<p><span style=\"font-weight: 400;\">La presidenta de M\u00e9xico, Claudia Sheinbaum Pardo, dijo que el canciller mexicano, Juan Ram\u00f3n de la Fuente, inici\u00f3 conversaciones con el secretario de estado de Estados Unidos, Marco Rubio, las cuales fueron \u201cmuy cordiales\u201d y en donde se trataron temas de migraci\u00f3n y seguridad.\u00a0<\/span><\/p>\n<p><span style=\"font-weight: 400;\">En su conferencia de prensa matutina, a\u00f1adi\u00f3 que a partir de ayer iniciaron las pl\u00e1ticas: \u201cEs muy importante que todos los sepan. La primera llamada que hizo del secretario Rubio a otro pa\u00eds fue a M\u00e9xico, y fue una llamada muy cordial, ayer me inform\u00f3 el canciller y a partir de ah\u00ed se abre un proceso de pl\u00e1ticas entre ambos gobiernos\u201d.\u00a0\u00a0<\/span><\/p>\n<p><span style=\"font-weight: 400;\">En ese sentido, expres\u00f3 que a pesar de que lo di\u00e1logos est\u00e1n en una etapa temprana \u201cestoy convencida de que vamos a tener acuerdos en los distintos temas\u201d, los cuales se van a estar informando puntualmente a trav\u00e9s de la conferencia de prensa matutina.\u00a0<\/span><\/p>\n<p><span style=\"font-weight: 400;\">Sobre una posible reuni\u00f3n de alto nivel entre ambos gobiernos, aclar\u00f3 que a\u00fan no se tiene contemplada una visita, pero inform\u00f3 que se tienen proyectos en com\u00fan, como la adquisici\u00f3n de una planta de gas en Texas, lo cual es parte del Plan M\u00e9xico.<\/span><\/p>\n<p><span style=\"font-weight: 400;\">\u201cVamos a darle seguimiento cada semana o cada 15 d\u00edas al Plan M\u00e9xico. Hay varios proyectos, particularmente de licuefacci\u00f3n o de compresi\u00f3n de gas que se dejaron desde el expresidente Andr\u00e9s Manuel L\u00f3pez Obrador y les estamos dando seguimiento\u201d.\u00a0<\/span><\/p>\n<p><span style=\"font-weight: 400;\">Por otra parte, la mandataria de M\u00e9xico expres\u00f3 que los nueve centros de atenci\u00f3n en la frontera ya se est\u00e1n instalando, como parte del programa M\u00e9xico Te Abraza. \u201cEl d\u00eda de ayer estuvo el secretario Marath y hoy le he pedido a la secretaria Adriana Montiel que pueda ir a supervisar algunos de estos centros, para que est\u00e9n habilitados lo m\u00e1s pronto posible\u201d.\u00a0<\/span><\/p>\n<p><span style=\"font-weight: 400;\">\u201cAyer hubo menos recibimiento de mexicanos que en d\u00edas anteriores. Vamos a apoyar a nuestros hermanos que regresen. Aqu\u00ed en M\u00e9xico siempre ser\u00e1n recibidos con los brazos abiertos, adem\u00e1s M\u00e9xico est\u00e1 viviendo un momento estelar\u201d.<\/span><\/p>\n<p><span style=\"font-weight: 400;\">De igual forma, agradeci\u00f3 un desplegado publicado ayer por parte de la Conferencia Nacional de Gobernadores y Gobernadoras (Conago), en defensa de la soberan\u00eda y bienestar de las y los mexicanos, en donde los 31 gobernadores y la jefa de gobierno de la Ciudad de M\u00e9xico se solidarizan con la presidenta para defender a las y los mexicanos en el exterior.<\/span><\/p>\n<p><span style=\"font-weight: 400;\">\u201cEs algo muy bueno, muy importante, porque independientemente de los partidos, en el caso de las y los gobernadores, decidimos trabajar juntos para el bienestar de M\u00e9xico. Agradezco el desplegado y habla de esta coordinaci\u00f3n que tenemos con todas y todos, independientemente del partido pol\u00edtico al que pertenezcan\u201d.<\/span><\/p>\n<p><em><strong>Te puede interesar:<\/strong><a href=\"https:\/\/peninsula360press.com\/es_mx\/presidenta-de-mexico-llama-a-mantener-la-calma\/\"> Presidenta de M\u00e9xico llama a mantener la calma y \u201ccabeza fr\u00eda\u201d frente a acciones de Donald Trump<\/a><\/em><\/p>\n","protected":false},"excerpt":{"rendered":"<p>La presidenta de M\u00e9xico, Claudia Sheinbaum Pardo, dijo que el canciller mexicano, Juan Ram\u00f3n de la Fuente, inici\u00f3 conversaciones con el secretario de estado de Estados Unidos, Marco Rubio, las cuales fueron \u201cmuy cordiales\u201d y en donde se trataron temas de migraci\u00f3n y seguridad.\u00a0 En su conferencia de prensa matutina, a\u00f1adi\u00f3 que a partir de [&hellip;]<\/p>\n","protected":false},"author":7,"featured_media":27968,"comment_status":"open","ping_status":"open","sticky":false,"template":"","format":"standard","meta":{"footnotes":""},"categories":[14,8,118],"tags":[],"class_list":{"0":"post-27964","1":"post","2":"type-post","3":"status-publish","4":"format-standard","5":"has-post-thumbnail","7":"category-cover","8":"category-usworld","9":"category-migracion"},"_links":{"self":[{"href":"https:\/\/peninsula360press.com\/es_mx\/wp-json\/wp\/v2\/posts\/27964","targetHints":{"allow":["GET"]}}],"collection":[{"href":"https:\/\/peninsula360press.com\/es_mx\/wp-json\/wp\/v2\/posts"}],"about":[{"href":"https:\/\/peninsula360press.com\/es_mx\/wp-json\/wp\/v2\/types\/post"}],"author":[{"embeddable":true,"href":"https:\/\/peninsula360press.com\/es_mx\/wp-json\/wp\/v2\/users\/7"}],"replies":[{"embeddable":true,"href":"https:\/\/peninsula360press.com\/es_mx\/wp-json\/wp\/v2\/comments?post=27964"}],"version-history":[{"count":1,"href":"https:\/\/peninsula360press.com\/es_mx\/wp-json\/wp\/v2\/posts\/27964\/revisions"}],"predecessor-version":[{"id":27969,"href":"https:\/\/peninsula360press.com\/es_mx\/wp-json\/wp\/v2\/posts\/27964\/revisions\/27969"}],"wp:featuredmedia":[{"embeddable":true,"href":"https:\/\/peninsula360press.com\/es_mx\/wp-json\/wp\/v2\/media\/27968"}],"wp:attachment":[{"href":"https:\/\/peninsula360press.com\/es_mx\/wp-json\/wp\/v2\/media?parent=27964"}],"wp:term":[{"taxonomy":"category","embeddable":true,"href":"https:\/\/peninsula360press.com\/es_mx\/wp-json\/wp\/v2\/categories?post=27964"},{"taxonomy":"post_tag","embeddable":true,"href":"https:\/\/peninsula360press.com\/es_mx\/wp-json\/wp\/v2\/tags?post=27964"}],"curies":[{"name":"wp","href":"https:\/\/api.w.org\/{rel}","templated":true}]}}