{"id":2933,"date":"2020-12-10T14:14:49","date_gmt":"2020-12-10T22:14:49","guid":{"rendered":"https:\/\/peninsula360press.com\/?p=2933"},"modified":"2021-02-05T09:58:27","modified_gmt":"2021-02-05T17:58:27","slug":"mexico-apoyara-a-jovenes-en-ee-uu-que-busquen-beneficiarse-de-daca","status":"publish","type":"post","link":"https:\/\/peninsula360press.com\/es_mx\/mexico-apoyara-a-jovenes-en-ee-uu-que-busquen-beneficiarse-de-daca\/","title":{"rendered":"M\u00e9xico apoyar\u00e1 a j\u00f3venes en EE. UU. que busquen beneficiarse de DACA"},"content":{"rendered":"\n<h5 class=\"wp-block-heading\">Pamela Cruz. Pen\u00ednsula 360 Press [P360P].<\/h5>\n\n\n\n<p>La Secretar\u00eda de Relaciones Exteriores del gobierno de <strong>M\u00e9xico inform\u00f3 que<\/strong> su red consular en EE. UU. <strong>est\u00e1 preparada para apoyar a j\u00f3venes que requieran asistencia<\/strong> consular <strong>para beneficiarse del programa de Acci\u00f3n Diferida para los Llegados en la Infancia<\/strong> \u2013DACA, por sus siglas en ingl\u00e9s\u2013.&nbsp;<\/p>\n\n\n\n<p>Lo anterior luego de que el pasado 4 de diciembre el juez federal de la Corte de Distrito en el Este de Nueva York, Nicholas Garaufis, orden\u00f3 al Gobierno estadounidense reinstaurar por completo el programa DACA, y continuar con su funcionamiento bajo los mismos t\u00e9rminos que lo reg\u00edan hasta antes del 5 de septiembre de 2017.<\/p>\n\n\n\n<p>Con la decisi\u00f3n, el Departamento de Seguridad Interna \u2013DHS, por sus siglas en ingl\u00e9s\u2013 public\u00f3 el 7 de diciembre de 2020 en sus sitios oficiales que aceptar\u00e1 nuevamente solicitudes DACA de quienes lo hagan por primera vez.<\/p>\n\n\n\n<p>De igual manera, DHS se\u00f1al\u00f3 que la acci\u00f3n diferida ante deportaci\u00f3n y los permisos de trabajo para los beneficiarios DACA ser\u00e1n otorgados por un periodo de dos a\u00f1os y no por uno como se hab\u00eda anunciado en julio de este a\u00f1o.&nbsp;<\/p>\n\n\n\n<p>As\u00ed, el gobierno mexicano reforzar\u00e1 los sistemas de expedici\u00f3n de documentos de identidad y de otros apoyos, para que m\u00e1s mexicanas y mexicanos se vean beneficiados por DACA.<\/p>\n\n\n\n<p>De a acuerdo a datos del m\u00e1s reciente informe disponible de los Servicios de Ciudadan\u00eda e Inmigraci\u00f3n de EE. UU., hasta diciembre de 2019, hab\u00eda 649 mil 070 beneficiarios activos originarios de m\u00e1s de 190 pa\u00edses.<\/p>\n\n\n\n<p>M\u00e9xico es el pa\u00eds de origen del que un mayor n\u00famero de j\u00f3venes reciben el beneficio de DACA con 521 mil 440, seguido de El Salvador con 25 mil 050, Guatemala con 16 mil 970 y Honduras con 15 mil 570.<\/p>\n\n\n\n<p>Cabe destacar que el mayor n\u00famero de beneficiarios de DACA vive en California, pues 184 mil 880 destinatarios del programa viven all\u00ed, mientras que Texas ocupa el segundo lugar con 107 mil 020 beneficiarios. As\u00ed, ambas cifras suman el 45 por cientos de los participantes.<\/p>\n\n\n\n<p>De acuerdo con el Centro para el Progreso Estadounidense, se estima que 29 mil trabajadores de la salud son beneficiarios de DACA, mismos que hoy se encuentran en las primeras filas de aquellos que tratan con el virus SARS-CoV-2, arriesgando su propia salud y vida.<\/p>\n","protected":false},"excerpt":{"rendered":"<p>Pamela Cruz. Pen\u00ednsula 360 Press [P360P]. La Secretar\u00eda de Relaciones Exteriores del gobierno de M\u00e9xico inform\u00f3 que su red consular en EE. UU. est\u00e1 preparada para apoyar a j\u00f3venes que requieran asistencia consular para beneficiarse del programa de Acci\u00f3n Diferida para los Llegados en la Infancia \u2013DACA, por sus siglas en ingl\u00e9s\u2013.&nbsp; Lo anterior luego [&hellip;]<\/p>\n","protected":false},"author":4,"featured_media":2934,"comment_status":"open","ping_status":"open","sticky":false,"template":"","format":"standard","meta":{"footnotes":""},"categories":[14,8,118,10],"tags":[273],"class_list":{"0":"post-2933","1":"post","2":"type-post","3":"status-publish","4":"format-standard","5":"has-post-thumbnail","7":"category-cover","8":"category-usworld","9":"category-migracion","10":"category-politics","11":"tag-ccj"},"_links":{"self":[{"href":"https:\/\/peninsula360press.com\/es_mx\/wp-json\/wp\/v2\/posts\/2933","targetHints":{"allow":["GET"]}}],"collection":[{"href":"https:\/\/peninsula360press.com\/es_mx\/wp-json\/wp\/v2\/posts"}],"about":[{"href":"https:\/\/peninsula360press.com\/es_mx\/wp-json\/wp\/v2\/types\/post"}],"author":[{"embeddable":true,"href":"https:\/\/peninsula360press.com\/es_mx\/wp-json\/wp\/v2\/users\/4"}],"replies":[{"embeddable":true,"href":"https:\/\/peninsula360press.com\/es_mx\/wp-json\/wp\/v2\/comments?post=2933"}],"version-history":[{"count":2,"href":"https:\/\/peninsula360press.com\/es_mx\/wp-json\/wp\/v2\/posts\/2933\/revisions"}],"predecessor-version":[{"id":2936,"href":"https:\/\/peninsula360press.com\/es_mx\/wp-json\/wp\/v2\/posts\/2933\/revisions\/2936"}],"wp:featuredmedia":[{"embeddable":true,"href":"https:\/\/peninsula360press.com\/es_mx\/wp-json\/wp\/v2\/media\/2934"}],"wp:attachment":[{"href":"https:\/\/peninsula360press.com\/es_mx\/wp-json\/wp\/v2\/media?parent=2933"}],"wp:term":[{"taxonomy":"category","embeddable":true,"href":"https:\/\/peninsula360press.com\/es_mx\/wp-json\/wp\/v2\/categories?post=2933"},{"taxonomy":"post_tag","embeddable":true,"href":"https:\/\/peninsula360press.com\/es_mx\/wp-json\/wp\/v2\/tags?post=2933"}],"curies":[{"name":"wp","href":"https:\/\/api.w.org\/{rel}","templated":true}]}}