{"id":3164,"date":"2020-12-29T10:36:34","date_gmt":"2020-12-29T18:36:34","guid":{"rendered":"https:\/\/peninsula360press.com\/?p=3164"},"modified":"2021-02-05T09:58:21","modified_gmt":"2021-02-05T17:58:21","slug":"covid-19-estudiantes-enfrentan-retos-por-nueva-normalidad","status":"publish","type":"post","link":"https:\/\/peninsula360press.com\/es_mx\/covid-19-estudiantes-enfrentan-retos-por-nueva-normalidad\/","title":{"rendered":"COVID-19: Estudiantes enfrentan retos por nueva normalidad"},"content":{"rendered":"\n<h5 class=\"wp-block-heading\">Pamela Cruz. Pen\u00ednsula 360 Press [P360P].<\/h5>\n\n\n\n<p>Todav\u00eda existen algunos retos para que los estudiantes y maestros puedan regresar a las escuelas y a una nueva normalidad, destac\u00f3 Eddie Flores, presidente de la Junta Escolar del Distrito Escolar Unificado del Sur de San Francisco.<\/p>\n\n\n\n<p>Refiri\u00f3 que este ha sido un a\u00f1o inesperado debido a la pandemia por COVID-19, en donde se tienen las vidas de los estudiantes, maestros y dem\u00e1s personal en las manos, y es por eso por lo que se tiene un modelo educativo a distancia, el cual est\u00e1 funcionando desde la primavera.<\/p>\n\n\n\n<p>\u00abEs un modelo que, si bien no es perfecto, lo estamos perfeccionando conforme tenemos muchas m\u00e1s voces participando con sugerencias y recomendaciones, tanto del sindicato de maestros como de los propios padres de familia. Ha sido exitoso hasta el momento\u00bb, se\u00f1al\u00f3.<\/p>\n\n\n\n<p>Coment\u00f3 que la junta directiva tom\u00f3 la decisi\u00f3n de continuar con el aprendizaje a distancia hasta que el condado pueda regresar a un color naranja, puesto que est\u00e1n seguros de que eso es lo mejor para cuidar la salud de todas las personas a las que representan y eso es lo m\u00e1s importante.<\/p>\n\n\n\n<p>De igual forma, coment\u00f3 que han desarrollado lugares de aprendizaje especiales para grupos que as\u00ed lo necesiten, ante lo cual han hecho algunas asociaciones con centros comunitarios para brindar ayuda a grupos espec\u00edficos con necesidades especiales o incluso sin hogar.&nbsp;<\/p>\n\n\n\n<p>\u00abSon grupos espec\u00edficos que nos hemos enfocado a traer a estos centros de aprendizaje, que son en lugares f\u00edsicos en la comunidad de Sur San Francisco, porque queremos evitar que sea como una avalancha acad\u00e9mica que impida a los estudiantes avanzar, y no queremos que este a\u00f1o se desperdicie\u00bb, explic\u00f3.<\/p>\n\n\n\n<p>Tambi\u00e9n han brindado a todas las familias que lo necesitan dispositivos digitales para que puedan seguir estudiando, sin importar si tienen a dos o tres estudiantes en casa, adem\u00e1s de talleres para que los padres de familia tambi\u00e9n puedan informarse de c\u00f3mo usar estas tecnolog\u00edas.<\/p>\n\n\n\n<p>Por otra parte, se\u00f1al\u00f3 que la vacuna para el COVID-19 es lo que nos va a ayudar a prevenir el virus y a regresar a una nueva normalidad. \u00abEstamos ansiosos de que el gobierno federal pueda clasificar a los maestros y al personal acad\u00e9mico de los distritos como el siguiente grupo esencial para poder recibir vacuna\u00bb.<\/p>\n\n\n\n<p>Y es que, dijo, los maestros son clave para poder regresar a una nueva normalidad, para que los estudiantes puedan regresar a las escuelas, a pesar de que ellos han estado trabajando ya sea en las oficinas o a trav\u00e9s de las computadoras a la distancia en este aprendizaje virtual.<\/p>\n\n\n\n<p>Sobre la representaci\u00f3n de los latinos en el concilio, se\u00f1al\u00f3 que, con las elecciones por distrito, que muchas ciudades y distritos escolares han adoptado como una nueva forma de elecci\u00f3n, \u00abse est\u00e1 teniendo una nueva ola de representantes y voces que valoramos mucho en la comunidad\u00bb.<\/p>\n\n\n\n<p>\u00abEstoy muy contento de lo que ha estado sucediendo y de las nuevas oportunidades que se est\u00e1n teniendo, creo que ya era tiempo de que hubiera sucedido esto, para poder darles una voz a todas aquellas personas que no hab\u00edan sido representadas\u00bb, agreg\u00f3.<\/p>\n\n\n\n<p>A\u00f1adi\u00f3 que efectivamente existen barreras para los latinos y todav\u00eda no se han abierto completamente las puertas a este tipo de puestos, pero es un trabajo en donde se tienen que apoyar unos a otros y participar, pues eso es lo m\u00e1s importante y marcar una diferencia.<\/p>\n","protected":false},"excerpt":{"rendered":"<p>Pamela Cruz. Pen\u00ednsula 360 Press [P360P]. Todav\u00eda existen algunos retos para que los estudiantes y maestros puedan regresar a las escuelas y a una nueva normalidad, destac\u00f3 Eddie Flores, presidente de la Junta Escolar del Distrito Escolar Unificado del Sur de San Francisco. Refiri\u00f3 que este ha sido un a\u00f1o inesperado debido a la pandemia [&hellip;]<\/p>\n","protected":false},"author":4,"featured_media":3165,"comment_status":"open","ping_status":"open","sticky":false,"template":"","format":"standard","meta":{"footnotes":""},"categories":[170,9,8],"tags":[273],"class_list":{"0":"post-3164","1":"post","2":"type-post","3":"status-publish","4":"format-standard","5":"has-post-thumbnail","7":"category-covid19","8":"category-community","9":"category-usworld","10":"tag-ccj"},"_links":{"self":[{"href":"https:\/\/peninsula360press.com\/es_mx\/wp-json\/wp\/v2\/posts\/3164","targetHints":{"allow":["GET"]}}],"collection":[{"href":"https:\/\/peninsula360press.com\/es_mx\/wp-json\/wp\/v2\/posts"}],"about":[{"href":"https:\/\/peninsula360press.com\/es_mx\/wp-json\/wp\/v2\/types\/post"}],"author":[{"embeddable":true,"href":"https:\/\/peninsula360press.com\/es_mx\/wp-json\/wp\/v2\/users\/4"}],"replies":[{"embeddable":true,"href":"https:\/\/peninsula360press.com\/es_mx\/wp-json\/wp\/v2\/comments?post=3164"}],"version-history":[{"count":1,"href":"https:\/\/peninsula360press.com\/es_mx\/wp-json\/wp\/v2\/posts\/3164\/revisions"}],"predecessor-version":[{"id":3166,"href":"https:\/\/peninsula360press.com\/es_mx\/wp-json\/wp\/v2\/posts\/3164\/revisions\/3166"}],"wp:featuredmedia":[{"embeddable":true,"href":"https:\/\/peninsula360press.com\/es_mx\/wp-json\/wp\/v2\/media\/3165"}],"wp:attachment":[{"href":"https:\/\/peninsula360press.com\/es_mx\/wp-json\/wp\/v2\/media?parent=3164"}],"wp:term":[{"taxonomy":"category","embeddable":true,"href":"https:\/\/peninsula360press.com\/es_mx\/wp-json\/wp\/v2\/categories?post=3164"},{"taxonomy":"post_tag","embeddable":true,"href":"https:\/\/peninsula360press.com\/es_mx\/wp-json\/wp\/v2\/tags?post=3164"}],"curies":[{"name":"wp","href":"https:\/\/api.w.org\/{rel}","templated":true}]}}