{"id":33047,"date":"2026-04-30T09:25:57","date_gmt":"2026-04-30T16:25:57","guid":{"rendered":"https:\/\/peninsula360press.com\/?p=33047"},"modified":"2026-04-30T09:29:37","modified_gmt":"2026-04-30T16:29:37","slug":"vivienda-3","status":"publish","type":"post","link":"https:\/\/peninsula360press.com\/es_mx\/vivienda-3\/","title":{"rendered":"East Palo Alto pone bajo la lupa l\u00edmites de mandato y acceso a vivienda"},"content":{"rendered":"<figure id=\"attachment_33051\" aria-describedby=\"caption-attachment-33051\" style=\"width: 701px\" class=\"wp-caption alignnone\"><img fetchpriority=\"high\" decoding=\"async\" class=\"wp-image-33051\" src=\"https:\/\/peninsula360press.com\/wp-content\/uploads\/2026\/04\/Vivienda-en-East-300x169.webp\" alt=\"Vivienda\" width=\"701\" height=\"395\" srcset=\"https:\/\/peninsula360press.com\/wp-content\/uploads\/2026\/04\/Vivienda-en-East-300x169.webp 300w, https:\/\/peninsula360press.com\/wp-content\/uploads\/2026\/04\/Vivienda-en-East-768x432.webp 768w, https:\/\/peninsula360press.com\/wp-content\/uploads\/2026\/04\/Vivienda-en-East-18x10.webp 18w, https:\/\/peninsula360press.com\/wp-content\/uploads\/2026\/04\/Vivienda-en-East-150x84.webp 150w, https:\/\/peninsula360press.com\/wp-content\/uploads\/2026\/04\/Vivienda-en-East-696x392.webp 696w, https:\/\/peninsula360press.com\/wp-content\/uploads\/2026\/04\/Vivienda-en-East.webp 800w\" sizes=\"(max-width: 701px) 100vw, 701px\" \/><figcaption id=\"caption-attachment-33051\" class=\"wp-caption-text\">La posible implementaci\u00f3n de l\u00edmites de mandato para sus integrantes y la creaci\u00f3n de un programa que ayude a residentes a comprar su primera vivienda en East Palo Alto.<\/figcaption><\/figure>\n<p>&nbsp;<\/p>\n<p><span style=\"font-weight: 400;\">El futuro pol\u00edtico y habitacional de <a href=\"https:\/\/www.ci.east-palo-alto.ca.us\" target=\"_blank\" rel=\"noopener\">East Palo Alto<\/a> entrar\u00e1 a discusi\u00f3n en East Palo Alto luego de que este martes 5 de mayo, el concejo municipal abordar\u00e1 dos de los temas m\u00e1s sensibles para la comunidad: la posible implementaci\u00f3n de l\u00edmites de mandato para sus integrantes y la creaci\u00f3n de un programa que ayude a residentes a comprar su primera vivienda.<\/span><\/p>\n<p><span style=\"font-weight: 400;\">La sesi\u00f3n, programada a las 18:00 horas en el<a href=\"https:\/\/www.ci.east-palo-alto.ca.us\/citycouncil\" target=\"_blank\" rel=\"noopener\"> Centro de Gobierno de East Palo Alto<\/a>, se perfila como una de las m\u00e1s relevantes del calendario local por el alcance de sus implicaciones en la vida p\u00fablica y econ\u00f3mica de la ciudad.<\/span><\/p>\n<p><span style=\"font-weight: 400;\">En el plano pol\u00edtico, el Concejo continuar\u00e1 el debate sobre establecer l\u00edmites de mandato, una medida que podr\u00eda someterse a votaci\u00f3n ciudadana en futuras elecciones. La discusi\u00f3n incluye aspectos clave como el n\u00famero de periodos permitidos y la forma en que se aplicar\u00eda la restricci\u00f3n, en un contexto donde distintas ciudades han impulsado reformas similares para promover la alternancia en el poder y fortalecer la rendici\u00f3n de cuentas.<\/span><\/p>\n<p><span style=\"font-weight: 400;\">Este punto no es menor: definir cu\u00e1nto tiempo pueden permanecer en el cargo los representantes locales podr\u00eda cambiar la din\u00e1mica pol\u00edtica de la ciudad en los pr\u00f3ximos a\u00f1os.<\/span><\/p>\n<p><span style=\"font-weight: 400;\">En paralelo, el Concejo analizar\u00e1 la viabilidad de un programa para compradores de vivienda por primera vez, una iniciativa que busca abrir oportunidades en una de las regiones m\u00e1s costosas del pa\u00eds.<\/span><\/p>\n<p><span style=\"font-weight: 400;\">El informe incluir\u00e1 modelos existentes, posibles esquemas de financiamiento y la participaci\u00f3n de instituciones financieras, en un intento por responder a una crisis de vivienda que afecta de manera desproporcionada a comunidades de ingresos medios y bajos.<\/span><\/p>\n<p><span style=\"font-weight: 400;\">East Palo Alto, hist\u00f3ricamente diversa y en transformaci\u00f3n, enfrenta una presi\u00f3n creciente por el alza en los precios de la vivienda, lo que ha llevado a autoridades locales a explorar alternativas para evitar el desplazamiento de residentes.<\/span><\/p>\n<p><span style=\"font-weight: 400;\">Aunque la agenda contempla otros temas \u2014como actualizaciones al c\u00f3digo de desarrollo urbano, acuerdos de servicios p\u00fablicos y programas comunitarios\u2014, el foco estar\u00e1 puesto en estas dos discusiones que combinan pol\u00edtica, econom\u00eda y futuro urbano.<\/span><\/p>\n<p><span style=\"font-weight: 400;\">La reuni\u00f3n tambi\u00e9n incluir\u00e1 la consideraci\u00f3n de una plataforma legislativa para definir prioridades ante gobiernos estatal y federal, as\u00ed como proclamaciones que reconocen la diversidad cultural de la ciudad y su compromiso contra el antisemitismo.<\/span><\/p>\n<p><span style=\"font-weight: 400;\">Autoridades locales reiteraron que la participaci\u00f3n ciudadana ser\u00e1 clave. Los residentes podr\u00e1n asistir en persona, conectarse de forma virtual o enviar comentarios anticipados.<\/span><\/p>\n<p>&nbsp;<\/p>\n<p><br style=\"font-weight: 400;\" \/><em><strong>Te puede interesar:<\/strong> <a href=\"https:\/\/peninsula360press.com\/es_mx\/vivienda-2\/\" target=\"_blank\" rel=\"noopener\">Half Moon Bay debatir\u00e1 proyecto de vivienda asequible para trabajadores agr\u00edcolas<\/a><\/em><\/p>\n","protected":false},"excerpt":{"rendered":"<p>&nbsp; El futuro pol\u00edtico y habitacional de East Palo Alto entrar\u00e1 a discusi\u00f3n en East Palo Alto luego de que este martes 5 de mayo, el concejo municipal abordar\u00e1 dos de los temas m\u00e1s sensibles para la comunidad: la posible implementaci\u00f3n de l\u00edmites de mandato para sus integrantes y la creaci\u00f3n de un programa que [&hellip;]<\/p>\n","protected":false},"author":7,"featured_media":33051,"comment_status":"open","ping_status":"open","sticky":false,"template":"","format":"standard","meta":{"footnotes":""},"categories":[9,317],"tags":[],"class_list":{"0":"post-33047","1":"post","2":"type-post","3":"status-publish","4":"format-standard","5":"has-post-thumbnail","7":"category-community","8":"category-cover-2"},"_links":{"self":[{"href":"https:\/\/peninsula360press.com\/es_mx\/wp-json\/wp\/v2\/posts\/33047","targetHints":{"allow":["GET"]}}],"collection":[{"href":"https:\/\/peninsula360press.com\/es_mx\/wp-json\/wp\/v2\/posts"}],"about":[{"href":"https:\/\/peninsula360press.com\/es_mx\/wp-json\/wp\/v2\/types\/post"}],"author":[{"embeddable":true,"href":"https:\/\/peninsula360press.com\/es_mx\/wp-json\/wp\/v2\/users\/7"}],"replies":[{"embeddable":true,"href":"https:\/\/peninsula360press.com\/es_mx\/wp-json\/wp\/v2\/comments?post=33047"}],"version-history":[{"count":5,"href":"https:\/\/peninsula360press.com\/es_mx\/wp-json\/wp\/v2\/posts\/33047\/revisions"}],"predecessor-version":[{"id":33056,"href":"https:\/\/peninsula360press.com\/es_mx\/wp-json\/wp\/v2\/posts\/33047\/revisions\/33056"}],"wp:featuredmedia":[{"embeddable":true,"href":"https:\/\/peninsula360press.com\/es_mx\/wp-json\/wp\/v2\/media\/33051"}],"wp:attachment":[{"href":"https:\/\/peninsula360press.com\/es_mx\/wp-json\/wp\/v2\/media?parent=33047"}],"wp:term":[{"taxonomy":"category","embeddable":true,"href":"https:\/\/peninsula360press.com\/es_mx\/wp-json\/wp\/v2\/categories?post=33047"},{"taxonomy":"post_tag","embeddable":true,"href":"https:\/\/peninsula360press.com\/es_mx\/wp-json\/wp\/v2\/tags?post=33047"}],"curies":[{"name":"wp","href":"https:\/\/api.w.org\/{rel}","templated":true}]}}