{"id":34559,"date":"2026-08-31T08:42:11","date_gmt":"2026-08-31T15:42:11","guid":{"rendered":"https:\/\/peninsula360press.com\/?p=34559"},"modified":"2026-08-31T08:42:11","modified_gmt":"2026-08-31T15:42:11","slug":"academia-civica-101-del-condado-de-san-mateo","status":"publish","type":"post","link":"https:\/\/peninsula360press.com\/es_mx\/academia-civica-101-del-condado-de-san-mateo\/","title":{"rendered":"\u00daltimas horas para solicitar un lugar en la Academia C\u00edvica 101 del condado de San Mateo"},"content":{"rendered":"<figure id=\"attachment_34560\" aria-describedby=\"caption-attachment-34560\" style=\"width: 840px\" class=\"wp-caption alignnone\"><img fetchpriority=\"high\" decoding=\"async\" class=\"wp-image-34560 size-full\" src=\"https:\/\/peninsula360press.com\/wp-content\/uploads\/2026\/08\/Civics-101-Group-photo_2025.webp\" alt=\"Las personas mayores de 18 a\u00f1os que vivan o trabajen en el condado de San Mateo tienen hasta este martes 1 de septiembre para solicitar un lugar en la Academia C\u00edvica 101 del condado de San Mateo\" width=\"840\" height=\"420\" srcset=\"https:\/\/peninsula360press.com\/wp-content\/uploads\/2026\/08\/Civics-101-Group-photo_2025.webp 840w, https:\/\/peninsula360press.com\/wp-content\/uploads\/2026\/08\/Civics-101-Group-photo_2025-300x150.webp 300w, https:\/\/peninsula360press.com\/wp-content\/uploads\/2026\/08\/Civics-101-Group-photo_2025-768x384.webp 768w, https:\/\/peninsula360press.com\/wp-content\/uploads\/2026\/08\/Civics-101-Group-photo_2025-18x9.webp 18w, https:\/\/peninsula360press.com\/wp-content\/uploads\/2026\/08\/Civics-101-Group-photo_2025-150x75.webp 150w, https:\/\/peninsula360press.com\/wp-content\/uploads\/2026\/08\/Civics-101-Group-photo_2025-696x348.webp 696w\" sizes=\"(max-width: 840px) 100vw, 840px\" \/><figcaption id=\"caption-attachment-34560\" class=\"wp-caption-text\">Las personas mayores de 18 a\u00f1os que vivan o trabajen en el condado de San Mateo tienen hasta este martes 1 de septiembre para solicitar un lugar en la Academia C\u00edvica 101 del condado de San Mateo. Foto: <a href=\"https:\/\/www.smcgov.org\/\" target=\"_blank\" rel=\"noopener\">condado de San Mateo<\/a><\/figcaption><\/figure>\n<p><span style=\"font-weight: 400;\">Las personas mayores de 18 a\u00f1os que vivan o trabajen en el condado de San Mateo tienen hasta este martes 1 de septiembre para solicitar un lugar en la Academia C\u00edvica 101, un programa de nueve semanas que permite conocer desde dentro el funcionamiento del gobierno local.<\/span><\/p>\n<p><span style=\"font-weight: 400;\">Las sesiones comenzar\u00e1n el mi\u00e9rcoles 2 de septiembre y se realizar\u00e1n durante nueve mi\u00e9rcoles consecutivos, hasta el 28 de octubre, en un horario de 18:00 a 20:30 horas.<\/span><\/p>\n<p><span style=\"font-weight: 400;\">La mayor\u00eda de las actividades tendr\u00e1 lugar en el campus del Centro del Condado, ubicado en el centro de Redwood City.<\/span><\/p>\n<p><span style=\"font-weight: 400;\">Durante el programa, los participantes podr\u00e1n conversar con autoridades y funcionarios sobre vivienda asequible, salud p\u00fablica, elecciones locales, finanzas del condado, bibliotecas, sostenibilidad y el funcionamiento del sistema judicial.<\/span><\/p>\n<p><span style=\"font-weight: 400;\">Tambi\u00e9n se ofrecer\u00e1 una visita opcional, durante una ma\u00f1ana de s\u00e1bado, a un centro penitenciario administrado por el condado.<\/span><\/p>\n<p><span style=\"font-weight: 400;\">\u201cEste programa es una ventana incre\u00edble al gobierno local que permite a los miembros de la comunidad ver de primera mano c\u00f3mo se utilizan sus impuestos\u201d, declar\u00f3 Mike Callagy, director ejecutivo del condado de San Mateo.<\/span><\/p>\n<p><span style=\"font-weight: 400;\">Callagy explic\u00f3 que la academia busca desmitificar el funcionamiento de las instituciones locales y motivar a los residentes a involucrarse en las decisiones p\u00fablicas.<\/span><\/p>\n<p><span style=\"font-weight: 400;\">El curso tambi\u00e9n permitir\u00e1 conocer las oportunidades de participaci\u00f3n en juntas y comisiones asesoras, desde las cuales los residentes pueden intervenir en asuntos que afectan el futuro del condado.<\/span><\/p>\n<p><span style=\"font-weight: 400;\">Las personas interesadas deben tener disponibilidad para asistir a las reuniones semanales. Quienes concluyan las nueve semanas recibir\u00e1n un certificado oficial.<\/span><\/p>\n<p><span style=\"font-weight: 400;\">La informaci\u00f3n completa y el formulario de solicitud est\u00e1n disponibles en el <\/span><a href=\"https:\/\/www.smcgov.org\/ceo\/civics-101-academy\" target=\"_blank\" rel=\"noopener\"><span style=\"font-weight: 400;\">sitio de la Academia C\u00edvica 101<\/span><\/a><span style=\"font-weight: 400;\">.<\/span><\/p>\n<p><span style=\"font-weight: 400;\">Las personas aceptadas recibir\u00e1n por correo electr\u00f3nico el programa definitivo y un mapa para llegar al campus del Centro del Condado.<\/span><\/p>\n<p><em><strong>Te puede interesar:<\/strong> <a href=\"https:\/\/peninsula360press.com\/es_mx\/robo-salarial\/\">Condado de San Mateo demanda a empresas por presunto robo salarial<\/a><\/em><\/p>\n","protected":false},"excerpt":{"rendered":"<p>Las personas mayores de 18 a\u00f1os que vivan o trabajen en el condado de San Mateo tienen hasta este martes 1 de septiembre para solicitar un lugar en la Academia C\u00edvica 101, un programa de nueve semanas que permite conocer desde dentro el funcionamiento del gobierno local. Las sesiones comenzar\u00e1n el mi\u00e9rcoles 2 de septiembre [&hellip;]<\/p>\n","protected":false},"author":7,"featured_media":34560,"comment_status":"open","ping_status":"open","sticky":false,"template":"","format":"standard","meta":{"footnotes":""},"categories":[9,317],"tags":[],"class_list":["post-34559","post","type-post","status-publish","format-standard","has-post-thumbnail","category-community","category-cover-2"],"_links":{"self":[{"href":"https:\/\/peninsula360press.com\/es_mx\/wp-json\/wp\/v2\/posts\/34559","targetHints":{"allow":["GET"]}}],"collection":[{"href":"https:\/\/peninsula360press.com\/es_mx\/wp-json\/wp\/v2\/posts"}],"about":[{"href":"https:\/\/peninsula360press.com\/es_mx\/wp-json\/wp\/v2\/types\/post"}],"author":[{"embeddable":true,"href":"https:\/\/peninsula360press.com\/es_mx\/wp-json\/wp\/v2\/users\/7"}],"replies":[{"embeddable":true,"href":"https:\/\/peninsula360press.com\/es_mx\/wp-json\/wp\/v2\/comments?post=34559"}],"version-history":[{"count":2,"href":"https:\/\/peninsula360press.com\/es_mx\/wp-json\/wp\/v2\/posts\/34559\/revisions"}],"predecessor-version":[{"id":34562,"href":"https:\/\/peninsula360press.com\/es_mx\/wp-json\/wp\/v2\/posts\/34559\/revisions\/34562"}],"wp:featuredmedia":[{"embeddable":true,"href":"https:\/\/peninsula360press.com\/es_mx\/wp-json\/wp\/v2\/media\/34560"}],"wp:attachment":[{"href":"https:\/\/peninsula360press.com\/es_mx\/wp-json\/wp\/v2\/media?parent=34559"}],"wp:term":[{"taxonomy":"category","embeddable":true,"href":"https:\/\/peninsula360press.com\/es_mx\/wp-json\/wp\/v2\/categories?post=34559"},{"taxonomy":"post_tag","embeddable":true,"href":"https:\/\/peninsula360press.com\/es_mx\/wp-json\/wp\/v2\/tags?post=34559"}],"curies":[{"name":"wp","href":"https:\/\/api.w.org\/{rel}","templated":true}]}}