{"id":34584,"date":"2026-09-02T09:56:33","date_gmt":"2026-09-02T16:56:33","guid":{"rendered":"https:\/\/peninsula360press.com\/?p=34584"},"modified":"2026-09-02T09:56:33","modified_gmt":"2026-09-02T16:56:33","slug":"ice-golpeo-a-su-hijo","status":"publish","type":"post","link":"https:\/\/peninsula360press.com\/es_mx\/ice-golpeo-a-su-hijo\/","title":{"rendered":"Su madre dice que el ICE golpe\u00f3 a su hijo. Ahora busca respuestas"},"content":{"rendered":"<figure id=\"attachment_34586\" aria-describedby=\"caption-attachment-34586\" style=\"width: 480px\" class=\"wp-caption alignnone\"><img fetchpriority=\"high\" decoding=\"async\" class=\"wp-image-34586 size-full\" src=\"https:\/\/peninsula360press.com\/wp-content\/uploads\/2026\/09\/Jefersson-Bladimir-Aleman-Beltran-3.webp\" alt=\"Seg\u00fan la madre de Jefersson, quien hab\u00eda acudido a recogerlo a la c\u00e1rcel de Santa Mar\u00eda, California, uno de los agentes de ICE golpe\u00f3 a su hijo despu\u00e9s de subirlo a una camioneta.\" width=\"480\" height=\"640\" srcset=\"https:\/\/peninsula360press.com\/wp-content\/uploads\/2026\/09\/Jefersson-Bladimir-Aleman-Beltran-3.webp 480w, https:\/\/peninsula360press.com\/wp-content\/uploads\/2026\/09\/Jefersson-Bladimir-Aleman-Beltran-3-225x300.webp 225w, https:\/\/peninsula360press.com\/wp-content\/uploads\/2026\/09\/Jefersson-Bladimir-Aleman-Beltran-3-9x12.webp 9w, https:\/\/peninsula360press.com\/wp-content\/uploads\/2026\/09\/Jefersson-Bladimir-Aleman-Beltran-3-150x200.webp 150w, https:\/\/peninsula360press.com\/wp-content\/uploads\/2026\/09\/Jefersson-Bladimir-Aleman-Beltran-3-300x400.webp 300w\" sizes=\"(max-width: 480px) 100vw, 480px\" \/><figcaption id=\"caption-attachment-34586\" class=\"wp-caption-text\">Seg\u00fan la madre de Jefersson, quien hab\u00eda acudido a recogerlo a la c\u00e1rcel de Santa Mar\u00eda, California, uno de los agentes de ICE golpe\u00f3 a su hijo despu\u00e9s de subirlo a una camioneta. Alba Beltr\u00e1n con su hijo Jefersson. (Cortes\u00eda de Alba Beltr\u00e1n)<\/figcaption><\/figure>\n<p><strong>Araceli Martinez\/ACoM<\/strong><\/p>\n<p><span style=\"font-weight: 400;\"><strong>SANTA MARIA, Calif.<\/strong> \u2014\u00a0Cuando Jefersson Bladimir Alem\u00e1n Beltr\u00e1n abandon\u00f3 la c\u00e1rcel de Santa Mar\u00eda, California, agentes del Servicio de Inmigraci\u00f3n y Control de Aduanas (ICE) lo detuvieron de inmediato. Seg\u00fan la madre de Jefersson, quien hab\u00eda acudido a recogerlo ese d\u00eda, uno de los agentes comenz\u00f3 a golpearlo despu\u00e9s de subirlo a una camioneta.<\/span><\/p>\n<p><span style=\"font-weight: 400;\">\u201cMientras lo golpeaba, el\u00a0agente le dijo a mi hijo: \u2018Eres un abusador ilegal. No perteneces a este pa\u00eds\u2019\u201d, dijo Alba Beltr\u00e1n, recordando las palabras de su hijo.<\/span><\/p>\n<p><span style=\"font-weight: 400;\">Jefersson, de 19 a\u00f1os, fue detenido el 21 de julio por la polic\u00eda de Santa Mar\u00eda, una ciudad de mayor\u00eda latina situada en el condado de Santa B\u00e1rbara, bajo sospecha de conducta sexual inapropiada. Dos d\u00edas despu\u00e9s, un juez desestim\u00f3 los cargos por falta de pruebas. Beltr\u00e1n fue puesto en libertad el 24 de julio.<\/span><\/p>\n<figure id=\"attachment_34587\" aria-describedby=\"caption-attachment-34587\" style=\"width: 1152px\" class=\"wp-caption alignnone\"><img decoding=\"async\" class=\"wp-image-34587 size-full\" src=\"https:\/\/peninsula360press.com\/wp-content\/uploads\/2026\/09\/Jefersson-Bladimir-Aleman-Beltran-1.webp\" alt=\"Jefersson Beltr\u00e1n durante su graduaci\u00f3n de secundaria el a\u00f1o pasado. La madre de Beltr\u00e1n afirma que el joven de 19 a\u00f1os fue detenido y golpeado por el ICE en julio. (Foto cortes\u00eda de Alba Beltr\u00e1n)\" width=\"1152\" height=\"2048\" srcset=\"https:\/\/peninsula360press.com\/wp-content\/uploads\/2026\/09\/Jefersson-Bladimir-Aleman-Beltran-1.webp 1152w, https:\/\/peninsula360press.com\/wp-content\/uploads\/2026\/09\/Jefersson-Bladimir-Aleman-Beltran-1-169x300.webp 169w, https:\/\/peninsula360press.com\/wp-content\/uploads\/2026\/09\/Jefersson-Bladimir-Aleman-Beltran-1-576x1024.webp 576w, https:\/\/peninsula360press.com\/wp-content\/uploads\/2026\/09\/Jefersson-Bladimir-Aleman-Beltran-1-768x1365.webp 768w, https:\/\/peninsula360press.com\/wp-content\/uploads\/2026\/09\/Jefersson-Bladimir-Aleman-Beltran-1-864x1536.webp 864w, https:\/\/peninsula360press.com\/wp-content\/uploads\/2026\/09\/Jefersson-Bladimir-Aleman-Beltran-1-7x12.webp 7w, https:\/\/peninsula360press.com\/wp-content\/uploads\/2026\/09\/Jefersson-Bladimir-Aleman-Beltran-1-150x267.webp 150w, https:\/\/peninsula360press.com\/wp-content\/uploads\/2026\/09\/Jefersson-Bladimir-Aleman-Beltran-1-300x533.webp 300w, https:\/\/peninsula360press.com\/wp-content\/uploads\/2026\/09\/Jefersson-Bladimir-Aleman-Beltran-1-696x1237.webp 696w, https:\/\/peninsula360press.com\/wp-content\/uploads\/2026\/09\/Jefersson-Bladimir-Aleman-Beltran-1-1068x1899.webp 1068w\" sizes=\"(max-width: 1152px) 100vw, 1152px\" \/><figcaption id=\"caption-attachment-34587\" class=\"wp-caption-text\">Jefersson Beltr\u00e1n durante su graduaci\u00f3n de secundaria el a\u00f1o pasado. La madre de Beltr\u00e1n afirma que el joven de 19 a\u00f1os fue detenido y golpeado por el ICE en julio. (Foto cortes\u00eda de Alba Beltr\u00e1n)<\/figcaption><\/figure>\n<p><span style=\"font-weight: 400;\">Seg\u00fan su madre, la Oficina del Sheriff del condado de Santa B\u00e1rbara, a cargo de la c\u00e1rcel de Santa Mar\u00eda, alert\u00f3 al ICE justo antes de liberar a su hijo, en aparente violaci\u00f3n de la Ley Santuario de California que proh\u00edbe la colaboraci\u00f3n entre las fuerzas del orden locales y los agentes federales de inmigraci\u00f3n.<\/span><\/p>\n<p><span style=\"font-weight: 400;\">ACoM contact\u00f3 tanto al Departamento de Seguridad Nacional (DHS) como a la oficina del sheriff para solicitar comentarios, pero no recibi\u00f3 respuesta antes del momento de la publicaci\u00f3n.<\/span><\/p>\n<p><span style=\"font-weight: 400;\">\u201cEstaba dentro de mi auto en el estacionamiento de la comisar\u00eda, esperando para recoger a mi hijo, cuando vi llegar cuatro veh\u00edculos de los que bajaron agentes de ICE con el rostro cubierto. Mi hijo no opuso resistencia cuando lo detuvieron\u201d, relat\u00f3 Beltr\u00e1n. \u201cMuerta de miedo, me tir\u00e9 al suelo del auto. Yo tambi\u00e9n soy indocumentada\u201d.<\/span><\/p>\n<p><span style=\"font-weight: 400;\">Beltr\u00e1n lleg\u00f3 a California en 2009 procedente de su natal El Salvador. Su hijo, Jefersson, entr\u00f3 en Estados Unidos en 2019, a los 14 a\u00f1os, como menor no acompa\u00f1ado, y poco despu\u00e9s se reuni\u00f3 en Santa Mar\u00eda con un hermano mayor y con su madre. Jefersson se gradu\u00f3 de la escuela secundaria Santa Maria High School el a\u00f1o pasado. Tanto \u00e9l como su madre trabajan en los campos de fresas que rodean la ciudad.<\/span><\/p>\n<p><span style=\"font-weight: 400;\">\u201cLos problemas de Jefersson comenzaron cuando se enamor\u00f3 de una joven y, tras terminar la relaci\u00f3n, empez\u00f3 a salir con una prima de ella\u201d, explic\u00f3 Beltr\u00e1n.<\/span><\/p>\n<p><span style=\"font-weight: 400;\">\u201cLa situaci\u00f3n se complic\u00f3\u201d, continu\u00f3, \u201ccuando otra prima de su primera exnovia acus\u00f3 a Jefersson de abuso y obtuvo una orden de restricci\u00f3n en su contra. Mi hijo nunca tuvo una relaci\u00f3n con la chica que lo acus\u00f3\u201d, se\u00f1al\u00f3. \u201cCreemos que todo fue un plan para separar a mi hijo de su nueva novia\u201d.<\/span><\/p>\n<p><span style=\"font-weight: 400;\">Tras presenciar la detenci\u00f3n de su hijo por parte de ICE, Beltr\u00e1n en estado de shock, se dirigi\u00f3 al Marian Regional Health Center, donde su hijo menor acababa de someterse a una cirug\u00eda menor.<\/span><\/p>\n<p><span style=\"font-weight: 400;\">\u201cFue all\u00ed donde vi una publicaci\u00f3n en Facebook en mi tel\u00e9fono informando que un joven acababa de ser ingresado en el hospital tras haber sido brutalmente golpeado por agentes de ICE\u201d, relat\u00f3.<\/span><\/p>\n<p><span style=\"font-weight: 400;\">Beltr\u00e1n pens\u00f3 de inmediato en su hijo, Jefersson. Desesperada, baj\u00f3 corriendo las escaleras del hospital hasta la recepci\u00f3n para preguntar si lo estaban atendiendo all\u00ed.<\/span><\/p>\n<p><span style=\"font-weight: 400;\">\u201cLas enfermeras se negaron a darme cualquier informaci\u00f3n\u201d, dijo Beltr\u00e1n. \u201cRegres\u00e9 a la habitaci\u00f3n de mi hijo menor y desde all\u00ed llam\u00e9 al 911 pidiendo ayuda. Me dijeron que no era asunto suyo\u201d.<\/span><\/p>\n<p><span style=\"font-weight: 400;\">Esa noche, alrededor de las 7:00 p.m., Beltr\u00e1n recibi\u00f3 una llamada. Jefersson estaba llorando. Le explic\u00f3 que un agente de ICE lo hab\u00eda golpeado y que, de hecho, se encontraba en el mismo hospital donde atend\u00edan a su hermano menor.<\/span><\/p>\n<p><span style=\"font-weight: 400;\">Esa noche, alrededor de las 7 p. m., Beltr\u00e1n recibi\u00f3 una llamada. Jefersson estaba llorando. Le explic\u00f3 que un agente de ICE lo hab\u00eda golpeado y que, de hecho, se encontraba en el mismo hospital donde atend\u00edan a su hermano menor.<\/span><\/p>\n<p><span style=\"font-weight: 400;\">Seg\u00fan Beltr\u00e1n, su hijo le cont\u00f3 que un agente de ICE &#8220;me golpe\u00f3 en la cabeza y el pecho cuando me negu\u00e9 a responder si estaba ilegalmente en el pa\u00eds, y le dije que quer\u00eda hablar con un abogado&#8221;.<\/span><\/p>\n<p><span style=\"font-weight: 400;\">Jefferson le dijo a su madre que lo hab\u00edan mantenido inmovilizado y desnudo en una cama de hospital, &#8220;sin siquiera una manta para cubrirme&#8221;. M\u00e1s tarde fue trasladado a una celda en un centro de procesamiento del ICE en Santa Mar\u00eda, donde, seg\u00fan Beltr\u00e1n, continuaron los abusos.<\/span><\/p>\n<figure id=\"attachment_34585\" aria-describedby=\"caption-attachment-34585\" style=\"width: 640px\" class=\"wp-caption alignnone\"><img decoding=\"async\" class=\"wp-image-34585 size-full\" src=\"https:\/\/peninsula360press.com\/wp-content\/uploads\/2026\/09\/Jefersson-Bladimir-Aleman-Beltran-2.webp\" alt=\"Jefersson Beltr\u00e1n durante su graduaci\u00f3n de secundaria el a\u00f1o pasado. La madre de Beltr\u00e1n afirma que el joven de 19 a\u00f1os fue detenido y golpeado por el ICE en julio. (Foto cortes\u00eda de Alba Beltr\u00e1n)\" width=\"640\" height=\"640\" srcset=\"https:\/\/peninsula360press.com\/wp-content\/uploads\/2026\/09\/Jefersson-Bladimir-Aleman-Beltran-2.webp 640w, https:\/\/peninsula360press.com\/wp-content\/uploads\/2026\/09\/Jefersson-Bladimir-Aleman-Beltran-2-300x300.webp 300w, https:\/\/peninsula360press.com\/wp-content\/uploads\/2026\/09\/Jefersson-Bladimir-Aleman-Beltran-2-150x150.webp 150w, https:\/\/peninsula360press.com\/wp-content\/uploads\/2026\/09\/Jefersson-Bladimir-Aleman-Beltran-2-12x12.webp 12w\" sizes=\"(max-width: 640px) 100vw, 640px\" \/><figcaption id=\"caption-attachment-34585\" class=\"wp-caption-text\">Jefersson Beltr\u00e1n durante su graduaci\u00f3n de secundaria el a\u00f1o pasado. La madre de Beltr\u00e1n afirma que el joven de 19 a\u00f1os fue detenido y golpeado por el ICE en julio. (Foto cortes\u00eda de Alba Beltr\u00e1n)<\/figcaption><\/figure>\n<p><span style=\"font-weight: 400;\">Actualmente, Jefferson se encuentra recluido en el Centro de Detenci\u00f3n de Adelanto, a las afueras de Los \u00c1ngeles; all\u00ed, un\u00a0<\/span><a href=\"https:\/\/migrantinsider.com\/p\/breaking-dhs-loses-bid-to-dodge-blame\" target=\"_blank\" rel=\"noopener\"><span style=\"font-weight: 400;\">panel de tres jueces\u00a0<\/span><\/a><span style=\"font-weight: 400;\">dictamin\u00f3 recientemente que el Departamento de Seguridad Nacional (DHS) es responsable de las numerosas denuncias sobre\u00a0<\/span><a href=\"https:\/\/theintercept.com\/2026\/08\/16\/ricardo-parias-ice-detention-journalist-los-angeles\/\" target=\"_blank\" rel=\"noopener\"><span style=\"font-weight: 400;\">condiciones inhumanas<\/span><\/a><span style=\"font-weight: 400;\">.<\/span><\/p>\n<p><span style=\"font-weight: 400;\">Beltr\u00e1n no ha podido visitar a su hijo en Adelanto debido a su propia situaci\u00f3n migratoria.<\/span><\/p>\n<p><span style=\"font-weight: 400;\">Por otra parte, los registros m\u00e9dicos que Beltr\u00e1n obtuvo del Marian Regional Health Center no mencionan las lesiones que, seg\u00fan ella, su hijo sufri\u00f3 a manos del agente de ICE. Ella se\u00f1ala que tuvo que acudir cuatro veces al hospital a lo largo de un mes para que le entregaran los documentos, y a\u00f1ade que tambi\u00e9n le cobraron 380 d\u00f3lares por las radiograf\u00edas realizadas durante la hospitalizaci\u00f3n de su hijo.<\/span><\/p>\n<p><span style=\"font-weight: 400;\">Sin embargo, dos personas que brindan servicios de apoyo a inmigrantes detenidos en Adelanto y que hablaron con Jefferson tras su detenci\u00f3n a finales de julio declararon a ACoM que \u00e9l presentaba &#8220;moretones en el pecho, ten\u00eda el cuello hinchado y se quejaba de dolor de espalda&#8221;.<\/span><\/p>\n<p><span style=\"font-weight: 400;\">Estas personas solicitaron mantener el anonimato por temor a represalias por parte de los funcionarios de Adelanto, incluida la posibilidad de que se les prohibiera la entrada al centro para seguir brindando asistencia a los detenidos.<\/span><\/p>\n<p><span style=\"font-weight: 400;\">\u201cTambi\u00e9n vi al joven muy preocupado, deprimido y sollozando\u201d, dijo una persona.<\/span><\/p>\n<p><span style=\"font-weight: 400;\">ACoM contact\u00f3 al Marian Regional Health Center para solicitar comentarios sobre el retraso en el env\u00edo de los expedientes m\u00e9dicos y sobre el tratamiento que recibi\u00f3 Jefersson all\u00ed. A\u00fan no hemos recibido respuesta.<\/span><\/p>\n<p><span style=\"font-weight: 400;\">Aunque no puede visitarlo, Alba habla a diario por tel\u00e9fono con su hijo desde que \u00e9l lleg\u00f3 a Adelanto. \u201cMe dice que no puede creer lo que est\u00e1 viviendo&#8230; que no se lo merece. A veces llora mucho\u201d.<\/span><\/p>\n<p><span style=\"font-weight: 400;\">Ella a\u00f1ade que, cuando ten\u00eda 16 a\u00f1os, Jefersson intent\u00f3 suicidarse una vez. Su salud mental es una preocupaci\u00f3n constante para ella.<\/span><\/p>\n<p><span style=\"font-weight: 400;\">\u201cSus compa\u00f1eros de celda me suplican que busque ayuda, que mi hijo no est\u00e1 bien y que no puedo quedarme callada\u201d, dice Alba.<\/span><\/p>\n<p><span style=\"font-weight: 400;\">En julio, la ACLU public\u00f3 un informe titulado \u201cAgents of Chaos and Cruelty\u201d (Agentes del caos y la crueldad), que detalla incidentes relacionados con operaciones de control migratorio en ocho estados, incluida California. Seg\u00fan los autores, de los m\u00e1s de 1,200 incidentes examinados, m\u00e1s de uno de cada cuatro implic\u00f3\u00a0<\/span><a href=\"https:\/\/americancommunitymedia.org\/immigration\/aclu-reports-details-rampant-violations-in-trumps-immigration-enforcement\/\" target=\"_blank\" rel=\"noopener\"><span style=\"font-weight: 400;\">el uso agresivo y a menudo ilegal de la fuerza<\/span><\/a><span style=\"font-weight: 400;\">\u00a0por parte de agentes del ICE.<\/span><\/p>\n<p><span style=\"font-weight: 400;\">\u201cMucho m\u00e1s all\u00e1 de Minneapolis, la administraci\u00f3n Trump ha desplegado una fuerza policial nacional de deportaci\u00f3n que ha cometido violaciones de los derechos civiles a una escala y con una gravedad sin precedentes en la historia moderna de Estados Unidos, convirtiendo escuelas, paradas de autob\u00fas y supermercados en escenarios de violencia y abuso\u201d, afirm\u00f3 Naureen Shah, directora de pol\u00edticas y asuntos gubernamentales y coautora del informe.<\/span><\/p>\n<p><span style=\"font-weight: 400;\">\u201cNo me sorprende lo que le pas\u00f3 a Jefersson\u201d, dice el pastor Guillermo Torres, de la organizaci\u00f3n Clergy and Laity United for Economic Justice (CLUE), quien realiza visitas semanales al Centro de Detenci\u00f3n de Adelanto. \u201cSe ha convertido en una pr\u00e1ctica muy com\u00fan que los agentes del ICE golpeen a los inmigrantes que detienen\u201d.<\/span><\/p>\n<p><span style=\"font-weight: 400;\">Torres describi\u00f3 el caso de una mujer nicarag\u00fcense que conoci\u00f3 en el centro: \u201cEra vendedora ambulante en Los \u00c1ngeles y fue golpeada cuando corr\u00eda para evitar ser arrestada el 25 de noviembre. Tengo fotos de los moretones que le causaron\u201d.<\/span><\/p>\n<p><span style=\"font-weight: 400;\">Y a\u00f1ade: \u201cHay muchos casos de abuso f\u00edsico contra inmigrantes detenidos que no salen a la luz\u201d, dice Torres, \u201cy no hay nada que se pueda hacer contra los agentes del ICE que se toman la justicia por su mano\u201d.\u00a0<\/span><\/p>\n<hr \/>\n<p style=\"text-align: center;\"><em><span style=\"color: #808080;\">This story was produced as part of \u201cAqu\u00ed Estamos\/Here We Stand,\u201d a collaborative reporting project of<\/span>\u00a0<a href=\"https:\/\/americancommunitymedia.org\/\" target=\"_blank\" rel=\"noopener\">American Community Media<\/a>\u00a0<span style=\"color: #808080;\">exploring the impact of Trump Administration\u2019s war on immigrants in communities across California.<\/span><\/em><\/p>\n<p style=\"text-align: center;\"><span style=\"color: #808080;\"><em>\u2013<\/em><\/span><\/p>\n<p style=\"text-align: center;\"><em><span style=\"color: #808080;\">Esta historia fue producida como parte de \u00abAqu\u00ed Estamos\/Here We Stand\u00bb, un proyecto de reportaje colaborativo de<\/span>\u00a0<a href=\"https:\/\/americancommunitymedia.org\/\" target=\"_blank\" rel=\"noopener\">American Community Media<\/a>\u00a0<span style=\"color: #808080;\">que explora el impacto de la guerra de la Administraci\u00f3n Trump contra los inmigrantes en comunidades de toda California.<\/span><\/em><\/p>\n<hr \/>\n<p>&nbsp;<\/p>\n<p><em><span style=\"font-weight: 400;\"><strong>Te puede interesar:<\/strong><a href=\"https:\/\/peninsula360press.com\/es_mx\/indocumentado-enfrenta-una-multa\/\"> \u2018Me qued\u00e9 helado\u2019: Indocumentado enfrenta una multa por $1.8 millones del DHS<\/a><\/span><\/em><\/p>\n","protected":false},"excerpt":{"rendered":"<p>Araceli Martinez\/ACoM SANTA MARIA, Calif. \u2014\u00a0Cuando Jefersson Bladimir Alem\u00e1n Beltr\u00e1n abandon\u00f3 la c\u00e1rcel de Santa Mar\u00eda, California, agentes del Servicio de Inmigraci\u00f3n y Control de Aduanas (ICE) lo detuvieron de inmediato. Seg\u00fan la madre de Jefersson, quien hab\u00eda acudido a recogerlo ese d\u00eda, uno de los agentes comenz\u00f3 a golpearlo despu\u00e9s de subirlo a una [&hellip;]<\/p>\n","protected":false},"author":4,"featured_media":34588,"comment_status":"open","ping_status":"open","sticky":false,"template":"","format":"standard","meta":{"footnotes":""},"categories":[14,118],"tags":[],"class_list":["post-34584","post","type-post","status-publish","format-standard","has-post-thumbnail","category-cover","category-migracion"],"_links":{"self":[{"href":"https:\/\/peninsula360press.com\/es_mx\/wp-json\/wp\/v2\/posts\/34584","targetHints":{"allow":["GET"]}}],"collection":[{"href":"https:\/\/peninsula360press.com\/es_mx\/wp-json\/wp\/v2\/posts"}],"about":[{"href":"https:\/\/peninsula360press.com\/es_mx\/wp-json\/wp\/v2\/types\/post"}],"author":[{"embeddable":true,"href":"https:\/\/peninsula360press.com\/es_mx\/wp-json\/wp\/v2\/users\/4"}],"replies":[{"embeddable":true,"href":"https:\/\/peninsula360press.com\/es_mx\/wp-json\/wp\/v2\/comments?post=34584"}],"version-history":[{"count":1,"href":"https:\/\/peninsula360press.com\/es_mx\/wp-json\/wp\/v2\/posts\/34584\/revisions"}],"predecessor-version":[{"id":34589,"href":"https:\/\/peninsula360press.com\/es_mx\/wp-json\/wp\/v2\/posts\/34584\/revisions\/34589"}],"wp:featuredmedia":[{"embeddable":true,"href":"https:\/\/peninsula360press.com\/es_mx\/wp-json\/wp\/v2\/media\/34588"}],"wp:attachment":[{"href":"https:\/\/peninsula360press.com\/es_mx\/wp-json\/wp\/v2\/media?parent=34584"}],"wp:term":[{"taxonomy":"category","embeddable":true,"href":"https:\/\/peninsula360press.com\/es_mx\/wp-json\/wp\/v2\/categories?post=34584"},{"taxonomy":"post_tag","embeddable":true,"href":"https:\/\/peninsula360press.com\/es_mx\/wp-json\/wp\/v2\/tags?post=34584"}],"curies":[{"name":"wp","href":"https:\/\/api.w.org\/{rel}","templated":true}]}}