{"id":34598,"date":"2026-09-02T21:56:56","date_gmt":"2026-09-03T04:56:56","guid":{"rendered":"https:\/\/peninsula360press.com\/?p=34598"},"modified":"2026-09-02T21:56:56","modified_gmt":"2026-09-03T04:56:56","slug":"san-mateo-convoca-a-limpiar-playas","status":"publish","type":"post","link":"https:\/\/peninsula360press.com\/es_mx\/san-mateo-convoca-a-limpiar-playas\/","title":{"rendered":"Condado de San Mateo convoca a limpiar playas, arroyos y vecindarios el 19 de septiembre"},"content":{"rendered":"<figure id=\"attachment_34599\" aria-describedby=\"caption-attachment-34599\" style=\"width: 960px\" class=\"wp-caption alignnone\"><img fetchpriority=\"high\" decoding=\"async\" class=\"wp-image-34599 size-full\" src=\"https:\/\/peninsula360press.com\/wp-content\/uploads\/2026\/09\/ccd_2026_save_the_date_english.webp\" alt=\"El condado de San Mateo convoca a limpiar playas, arroyos, parques y vecindarios el s\u00e1bado 19 de septiembre, como parte de la 42 edici\u00f3n anual del D\u00eda de la Limpieza Costera.\" width=\"960\" height=\"1200\" srcset=\"https:\/\/peninsula360press.com\/wp-content\/uploads\/2026\/09\/ccd_2026_save_the_date_english.webp 960w, https:\/\/peninsula360press.com\/wp-content\/uploads\/2026\/09\/ccd_2026_save_the_date_english-240x300.webp 240w, https:\/\/peninsula360press.com\/wp-content\/uploads\/2026\/09\/ccd_2026_save_the_date_english-819x1024.webp 819w, https:\/\/peninsula360press.com\/wp-content\/uploads\/2026\/09\/ccd_2026_save_the_date_english-768x960.webp 768w, https:\/\/peninsula360press.com\/wp-content\/uploads\/2026\/09\/ccd_2026_save_the_date_english-10x12.webp 10w, https:\/\/peninsula360press.com\/wp-content\/uploads\/2026\/09\/ccd_2026_save_the_date_english-150x188.webp 150w, https:\/\/peninsula360press.com\/wp-content\/uploads\/2026\/09\/ccd_2026_save_the_date_english-300x375.webp 300w, https:\/\/peninsula360press.com\/wp-content\/uploads\/2026\/09\/ccd_2026_save_the_date_english-696x870.webp 696w\" sizes=\"(max-width: 960px) 100vw, 960px\" \/><figcaption id=\"caption-attachment-34599\" class=\"wp-caption-text\">El condado de San Mateo convoca a limpiar playas, arroyos, parques y vecindarios el s\u00e1bado 19 de septiembre, como parte de la 42 edici\u00f3n anual del D\u00eda de la Limpieza Costera. Imagen: condado de San Mateo<\/figcaption><\/figure>\n<p><span style=\"font-weight: 400;\">El condado de San Mateo convoc\u00f3 a familias, estudiantes, organizaciones y grupos comunitarios a retirar residuos y contaminaci\u00f3n pl\u00e1stica de playas, arroyos, parques y vecindarios el s\u00e1bado 19 de septiembre, como parte de la 42 edici\u00f3n anual del D\u00eda de la Limpieza Costera.<\/span><\/p>\n<p><span style=\"font-weight: 400;\">La jornada principal se realizar\u00e1 de 9:00 a 12:00 horas en numerosos puntos del condado, aunque los horarios pueden cambiar seg\u00fan el sitio. Las autoridades recomiendan <\/span><a href=\"https:\/\/www.smchealth.org\/general-information\/coastal-cleanup-day\" target=\"_blank\" rel=\"noopener\"><span style=\"font-weight: 400;\">consultar la ubicaci\u00f3n elegida y registrarse previamente<\/span><\/a><span style=\"font-weight: 400;\"> con su coordinador.<\/span><\/p>\n<p><span style=\"font-weight: 400;\">Entre los lugares confirmados se encuentran Cooley Landing, en East Palo Alto; San Francisquito Creek, en Menlo Park; diferentes puntos de Redwood City; Surfer\u2019s Beach, en El Granada; playas de Half Moon Bay, y varios espacios costeros y comunitarios de Pacifica.<\/span><\/p>\n<p><span style=\"font-weight: 400;\">Tambi\u00e9n habr\u00e1 actividades en Belmont, Brisbane, Burlingame, Foster City, Millbrae, Montara, San Gregorio, San Mateo, South San Francisco y Woodside, entre otras comunidades. Algunas ciudades todav\u00eda no cuentan con puntos confirmados, por lo que se recomienda revisar la p\u00e1gina oficial antes de acudir.<\/span><\/p>\n<p><span style=\"font-weight: 400;\">La iniciativa busca impedir que pl\u00e1sticos y otros desperdicios abandonados en calles y parques lleguen a los arroyos, la Bah\u00eda de San Francisco y el oc\u00e9ano, donde pueden perjudicar a la vida silvestre, el medio ambiente y la salud de las comunidades.<\/span><\/p>\n<p><span style=\"font-weight: 400;\">Quienes no puedan participar el 19 de septiembre podr\u00e1n organizar una limpieza autogestionada en su propio vecindario durante cualquier d\u00eda del mes, por lo que el condado habilit\u00f3 un <\/span><a href=\"https:\/\/www.smchealth.org\/cleanup\" target=\"_blank\" rel=\"noopener\"><span style=\"font-weight: 400;\">registro especial para estas actividades<\/span><\/a><span style=\"font-weight: 400;\">.<\/span><\/p>\n<p><span style=\"font-weight: 400;\">Las escuelas tambi\u00e9n pueden realizar jornadas en sus planteles o salones, y docentes y directores pueden solicitar guantes, bolsas, tarjetas para registrar los residuos y carteles promocionales mediante un <\/span><a href=\"https:\/\/docs.google.com\/forms\/d\/e\/1FAIpQLSflSdGWotP0yE6w7JULCnUMTBWgRGGoVuBbC-1QckgGG6AJUg\/viewform?usp=header\" target=\"_blank\" rel=\"noopener\"><span style=\"font-weight: 400;\">formulario en l\u00ednea<\/span><\/a><span style=\"font-weight: 400;\">.<\/span><\/p>\n<p><span style=\"font-weight: 400;\">Antes de participar, los voluntarios deber\u00e1n completar una exenci\u00f3n de responsabilidad, disponible digitalmente en <\/span><a href=\"https:\/\/apps.docusign.com\/webforms\/us\/f4243034bc88e0851ade626c4cdc669e\" target=\"_blank\" rel=\"noopener\"><span style=\"font-weight: 400;\">ingl\u00e9s<\/span><\/a><span style=\"font-weight: 400;\"> y <\/span><a href=\"https:\/\/apps.docusign.com\/webforms\/us\/e80c27fcff0b0807b54542ef7439563c\" target=\"_blank\" rel=\"noopener\"><span style=\"font-weight: 400;\">espa\u00f1ol<\/span><\/a><span style=\"font-weight: 400;\">, y podr\u00e1n imprimir el documento y llevarlo firmado el d\u00eda de la limpieza.<\/span><\/p>\n<p><span style=\"font-weight: 400;\">Los organizadores recomiendan utilizar protector solar, sombrero y zapatos cerrados, as\u00ed como llevar guantes reutilizables, cubetas y una botella de agua.\u00a0<\/span><\/p>\n<p><span style=\"font-weight: 400;\">Los participantes tambi\u00e9n pueden descargar la aplicaci\u00f3n <\/span><a href=\"https:\/\/oceanconservancy.org\/trash-free-seas\/international-coastal-cleanup\/clean-swell-app\/\" target=\"_blank\" rel=\"noopener\"><span style=\"font-weight: 400;\">Clean Swell<\/span><\/a><span style=\"font-weight: 400;\"> para registrar los residuos que recojan.<\/span><\/p>\n<p><span style=\"font-weight: 400;\">El evento es coordinado por los Servicios de Salud Ambiental del Condado de San Mateo en colaboraci\u00f3n con la Comisi\u00f3n Costera de California, Ocean Conservancy y organizaciones locales.<\/span><\/p>\n<p><em><strong>Te puede interesar:<\/strong> <a href=\"https:\/\/peninsula360press.com\/es_mx\/protecciones-costeras\/\">Condado de San Mateo alerta sobre riesgo a las protecciones costeras<\/a><\/em><\/p>\n","protected":false},"excerpt":{"rendered":"<p>El condado de San Mateo convoc\u00f3 a familias, estudiantes, organizaciones y grupos comunitarios a retirar residuos y contaminaci\u00f3n pl\u00e1stica de playas, arroyos, parques y vecindarios el s\u00e1bado 19 de septiembre, como parte de la 42 edici\u00f3n anual del D\u00eda de la Limpieza Costera. La jornada principal se realizar\u00e1 de 9:00 a 12:00 horas en numerosos [&hellip;]<\/p>\n","protected":false},"author":7,"featured_media":34600,"comment_status":"open","ping_status":"open","sticky":false,"template":"","format":"standard","meta":{"footnotes":""},"categories":[9,6],"tags":[],"class_list":["post-34598","post","type-post","status-publish","format-standard","has-post-thumbnail","category-community","category-habitat"],"_links":{"self":[{"href":"https:\/\/peninsula360press.com\/es_mx\/wp-json\/wp\/v2\/posts\/34598","targetHints":{"allow":["GET"]}}],"collection":[{"href":"https:\/\/peninsula360press.com\/es_mx\/wp-json\/wp\/v2\/posts"}],"about":[{"href":"https:\/\/peninsula360press.com\/es_mx\/wp-json\/wp\/v2\/types\/post"}],"author":[{"embeddable":true,"href":"https:\/\/peninsula360press.com\/es_mx\/wp-json\/wp\/v2\/users\/7"}],"replies":[{"embeddable":true,"href":"https:\/\/peninsula360press.com\/es_mx\/wp-json\/wp\/v2\/comments?post=34598"}],"version-history":[{"count":2,"href":"https:\/\/peninsula360press.com\/es_mx\/wp-json\/wp\/v2\/posts\/34598\/revisions"}],"predecessor-version":[{"id":34602,"href":"https:\/\/peninsula360press.com\/es_mx\/wp-json\/wp\/v2\/posts\/34598\/revisions\/34602"}],"wp:featuredmedia":[{"embeddable":true,"href":"https:\/\/peninsula360press.com\/es_mx\/wp-json\/wp\/v2\/media\/34600"}],"wp:attachment":[{"href":"https:\/\/peninsula360press.com\/es_mx\/wp-json\/wp\/v2\/media?parent=34598"}],"wp:term":[{"taxonomy":"category","embeddable":true,"href":"https:\/\/peninsula360press.com\/es_mx\/wp-json\/wp\/v2\/categories?post=34598"},{"taxonomy":"post_tag","embeddable":true,"href":"https:\/\/peninsula360press.com\/es_mx\/wp-json\/wp\/v2\/tags?post=34598"}],"curies":[{"name":"wp","href":"https:\/\/api.w.org\/{rel}","templated":true}]}}