{"id":34615,"date":"2026-09-04T09:31:37","date_gmt":"2026-09-04T16:31:37","guid":{"rendered":"https:\/\/peninsula360press.com\/?p=34615"},"modified":"2026-09-04T09:31:37","modified_gmt":"2026-09-04T16:31:37","slug":"muertes-por-suicidio","status":"publish","type":"post","link":"https:\/\/peninsula360press.com\/es_mx\/muertes-por-suicidio\/","title":{"rendered":"M\u00e1s de 4 mil muertes por suicidio mantienen la alerta en California"},"content":{"rendered":"<figure id=\"attachment_29733\" aria-describedby=\"caption-attachment-29733\" style=\"width: 1280px\" class=\"wp-caption alignnone\"><img fetchpriority=\"high\" decoding=\"async\" class=\"wp-image-29733 size-full\" src=\"https:\/\/peninsula360press.com\/wp-content\/uploads\/2025\/06\/Suicidio.webp\" alt=\"California registr\u00f3 m\u00e1s de 4 mil muertes por suicidio durante 2024, un promedio cercano a 11 cada d\u00eda\" width=\"1280\" height=\"857\" srcset=\"https:\/\/peninsula360press.com\/wp-content\/uploads\/2025\/06\/Suicidio.webp 1280w, https:\/\/peninsula360press.com\/wp-content\/uploads\/2025\/06\/Suicidio-300x201.webp 300w, https:\/\/peninsula360press.com\/wp-content\/uploads\/2025\/06\/Suicidio-1024x686.webp 1024w, https:\/\/peninsula360press.com\/wp-content\/uploads\/2025\/06\/Suicidio-768x514.webp 768w, https:\/\/peninsula360press.com\/wp-content\/uploads\/2025\/06\/Suicidio-18x12.webp 18w, https:\/\/peninsula360press.com\/wp-content\/uploads\/2025\/06\/Suicidio-150x100.webp 150w, https:\/\/peninsula360press.com\/wp-content\/uploads\/2025\/06\/Suicidio-696x466.webp 696w, https:\/\/peninsula360press.com\/wp-content\/uploads\/2025\/06\/Suicidio-1068x715.webp 1068w\" sizes=\"(max-width: 1280px) 100vw, 1280px\" \/><figcaption id=\"caption-attachment-29733\" class=\"wp-caption-text\">California registr\u00f3 m\u00e1s de 4 mil muertes por suicidio durante 2024, un promedio cercano a 11 cada d\u00eda<\/figcaption><\/figure>\n<p><span style=\"font-weight: 400;\">California registr\u00f3 4 mil 022 muertes por suicidio durante 2024, un promedio cercano a 11 cada d\u00eda, una cifra que mantiene la atenci\u00f3n sobre un problema persistente de salud p\u00fablica mientras septiembre se conmemora como el Mes Nacional para la Prevenci\u00f3n del Suicidio.<\/span><\/p>\n<p><span style=\"font-weight: 400;\">Los datos definitivos m\u00e1s recientes de los Centros para el Control y la Prevenci\u00f3n de Enfermedades muestran, sin embargo, una mejor\u00eda frente al a\u00f1o anterior. En 2023 se contabilizaron 4 mil 200 muertes por esta causa, por lo que el estado registr\u00f3 una disminuci\u00f3n de 178 fallecimientos, equivalente a 4.2 por ciento.<\/span><\/p>\n<p><span style=\"font-weight: 400;\">La tasa de mortalidad ajustada por edad tambi\u00e9n descendi\u00f3, al pasar de 10.2 muertes por cada 100 mil habitantes en 2023 a 9.6 en 2024, de acuerdo con las <\/span><a href=\"https:\/\/www.cdc.gov\/nchs\/state-stats\/deaths\/suicide.html\" target=\"_blank\" rel=\"noopener\"><span style=\"font-weight: 400;\">estad\u00edsticas estatales de los CDC<\/span><\/a><span style=\"font-weight: 400;\">.<\/span><\/p>\n<p><span style=\"font-weight: 400;\">Aunque la tasa de California se ubic\u00f3 cerca de 30 por ciento por debajo de la nacional, el n\u00famero absoluto contin\u00faa siendo considerable, luego de que en todo Estados Unidos se registraron 48 mil 824 muertes por suicidio durante 2024 y la tasa ajustada por edad fue de 13.7 por cada 100 mil habitantes, seg\u00fan el <\/span><a href=\"https:\/\/www.cdc.gov\/nchs\/products\/databriefs\/db548.htm\" target=\"_blank\" rel=\"noopener\"><span style=\"font-weight: 400;\">Centro Nacional de Estad\u00edsticas de Salud<\/span><\/a><span style=\"font-weight: 400;\">.<\/span><\/p>\n<p><span style=\"font-weight: 400;\">El suicidio volvi\u00f3 adem\u00e1s a colocarse como la d\u00e9cima causa principal de muerte en el pa\u00eds, pues de acuerdo con los CDC, se estima que durante 2024 unos 14.3 millones de adultos estadounidenses pensaron seriamente en suicidarse, 4.6 millones elaboraron un plan y 2.2 millones intentaron quitarse la vida.<\/span><\/p>\n<p><span style=\"font-weight: 400;\">La <\/span><a href=\"https:\/\/bhsoac.ca.gov\/transparency-suite\/suicide-incidence-and-rate\/\" target=\"_blank\" rel=\"noopener\"><span style=\"font-weight: 400;\">Comisi\u00f3n de Servicios de Salud Conductual de California<\/span><\/a><span style=\"font-weight: 400;\"> se\u00f1ala que los hombres, las personas blancas y los adultos mayores de 85 a\u00f1os presentan las tasas m\u00e1s elevadas dentro de sus respectivos grupos demogr\u00e1ficos.<\/span><\/p>\n<p><span style=\"font-weight: 400;\">Cabe destacar que entre 2016 y 2023, la tasa de muertes por suicidio registr\u00f3 su mayor incremento entre la poblaci\u00f3n afrodescendiente de California, con un aumento de 22 por ciento, seguida por la poblaci\u00f3n latina, con 21.4 por ciento.<\/span><\/p>\n<p><span style=\"font-weight: 400;\">Los condados del norte de California presentan algunas de las tasas m\u00e1s altas, mientras que las regiones del sur, donde se concentra una mayor proporci\u00f3n de la poblaci\u00f3n estatal, acumulan el mayor n\u00famero de muertes.<\/span><\/p>\n<p><span style=\"font-weight: 400;\">Los j\u00f3venes representan otro foco de atenci\u00f3n, de acuerdo con una evaluaci\u00f3n de la Iniciativa de Salud Conductual para Ni\u00f1os y J\u00f3venes, la tasa entre personas de 12 a 25 a\u00f1os aument\u00f3 de 3.76 muertes por cada 100 mil j\u00f3venes en 2010 a 4.49 en 2023.<\/span><\/p>\n<p><span style=\"font-weight: 400;\">El documento se\u00f1ala que el crecimiento fue especialmente pronunciado entre los j\u00f3venes de 10 a 19 a\u00f1os durante la pandemia de COVID-19 y que, aunque las tasas de California permanecieron por debajo del promedio nacional, la tendencia de largo plazo mostr\u00f3 un aumento sostenido.<\/span><\/p>\n<p><span style=\"font-weight: 400;\">Una evaluaci\u00f3n posterior realizada por la firma independiente Mathematica encontr\u00f3 se\u00f1ales recientes de mejor\u00eda, incluidas disminuciones en la ideaci\u00f3n suicida y en las muertes por suicidio entre j\u00f3venes desde el lanzamiento de la iniciativa estatal; sin embargo, los resultados no eliminan la tendencia acumulada ni las barreras que todav\u00eda dificultan el acceso oportuno a la atenci\u00f3n.<\/span><\/p>\n<p><span style=\"font-weight: 400;\">California ha invertido m\u00e1s de 4 mil millones de d\u00f3lares en la <\/span><a href=\"https:\/\/www.chhs.ca.gov\/blog\/2026\/07\/01\/californias-historic-investment-in-youth-behavioral-health-delivers-results-across-the-state\/\" target=\"_blank\" rel=\"noopener\"><span style=\"font-weight: 400;\">Iniciativa de Salud Conductual para Ni\u00f1os y J\u00f3venes<\/span><\/a><span style=\"font-weight: 400;\">, mediante servicios escolares, campa\u00f1as contra el estigma, herramientas digitales y la capacitaci\u00f3n de personal especializado.<\/span><\/p>\n<p><span style=\"font-weight: 400;\">Hasta la primavera de 2026, m\u00e1s de 500 mil ni\u00f1os, j\u00f3venes y familias hab\u00edan utilizado servicios digitales como Soluna y BrightLife Kids, mientras que m\u00e1s de 4 mil personas hab\u00edan obtenido certificaci\u00f3n como asesores de bienestar para trabajar principalmente en escuelas y espacios comunitarios.<\/span><\/p>\n<p><span style=\"font-weight: 400;\">El estado tambi\u00e9n cuenta con una Oficina de Prevenci\u00f3n del Suicidio y comenz\u00f3 a aplicar nuevas estrategias de prevenci\u00f3n poblacional durante el periodo fiscal 2026-2029. Los esfuerzos incluyen campa\u00f1as sobre suicidio y autolesiones, mayor difusi\u00f3n del 988 y programas dirigidos a comunidades con tasas elevadas o en crecimiento.<\/span><\/p>\n<p><span style=\"font-weight: 400;\">Una de las principales herramientas de intervenci\u00f3n es la L\u00ednea 988 de Prevenci\u00f3n del Suicidio y Crisis.\u00a0<\/span><\/p>\n<p><span style=\"font-weight: 400;\">California dispone de 12 centros que reciben llamadas y mensajes de texto de personas que atraviesan crisis relacionadas con el suicidio, la salud mental o el consumo de sustancias.<\/span><\/p>\n<p><span style=\"font-weight: 400;\">Los CDC subrayan que el suicidio no tiene una sola causa: los problemas econ\u00f3micos, la p\u00e9rdida del empleo, la depresi\u00f3n, el aislamiento social, el acoso, las dificultades familiares y la falta de acceso a atenci\u00f3n m\u00e9dica pueden aumentar el riesgo, pero ninguno de esos factores permite predecir por s\u00ed solo que una persona intentar\u00e1 quitarse la vida.<\/span><\/p>\n<p><span style=\"font-weight: 400;\">Entre las se\u00f1ales que requieren atenci\u00f3n se encuentran hablar sobre querer morir, expresar desesperanza o dolor insoportable, considerarse una carga para los dem\u00e1s, aislarse repentinamente o aumentar el consumo de alcohol o drogas. Escuchar sin juzgar y ayudar a la persona a comunicarse con profesionales puede marcar una diferencia.<\/span><\/p>\n<p><span style=\"font-weight: 400;\">Los <\/span><a href=\"https:\/\/www.cdc.gov\/suicide\/prevention\/index.html\" target=\"_blank\" rel=\"noopener\"><span style=\"font-weight: 400;\">CDC sostienen que el suicidio puede prevenirse<\/span><\/a><span style=\"font-weight: 400;\"> mediante el reconocimiento de las se\u00f1ales de advertencia, el acceso oportuno a tratamiento, la reducci\u00f3n del aislamiento y el fortalecimiento de las relaciones familiares y comunitarias.<\/span><\/p>\n<p><span style=\"font-weight: 400;\">Si usted o alguien que conoce atraviesa una crisis emocional, tiene pensamientos suicidas o necesita apoyo para ayudar a un ser querido, puede llamar o enviar un mensaje de texto al <\/span><b>988<\/b><span style=\"font-weight: 400;\">, o conversar en l\u00ednea mediante <\/span><a href=\"https:\/\/988lifeline.org\/\" target=\"_blank\" rel=\"noopener\"><span style=\"font-weight: 400;\">988lifeline.org<\/span><\/a><span style=\"font-weight: 400;\">. La atenci\u00f3n es gratuita, confidencial, est\u00e1 disponible las 24 horas y ofrece asistencia en varios idiomas; y ante un peligro inmediato, llame al 911.<\/span><\/p>\n<p><em><strong>Te puede interesar:<\/strong> <a href=\"https:\/\/peninsula360press.com\/es_mx\/mes-de-la-prevencion-del-suicidio-3\/\">East Palo Alto llama a romper el silencio para prevenir el suicidio<\/a><\/em><\/p>\n","protected":false},"excerpt":{"rendered":"<p>California registr\u00f3 4 mil 022 muertes por suicidio durante 2024, un promedio cercano a 11 cada d\u00eda, una cifra que mantiene la atenci\u00f3n sobre un problema persistente de salud p\u00fablica mientras septiembre se conmemora como el Mes Nacional para la Prevenci\u00f3n del Suicidio. Los datos definitivos m\u00e1s recientes de los Centros para el Control y [&hellip;]<\/p>\n","protected":false},"author":7,"featured_media":29733,"comment_status":"open","ping_status":"open","sticky":false,"template":"","format":"standard","meta":{"footnotes":""},"categories":[12],"tags":[],"class_list":["post-34615","post","type-post","status-publish","format-standard","has-post-thumbnail","category-health"],"_links":{"self":[{"href":"https:\/\/peninsula360press.com\/es_mx\/wp-json\/wp\/v2\/posts\/34615","targetHints":{"allow":["GET"]}}],"collection":[{"href":"https:\/\/peninsula360press.com\/es_mx\/wp-json\/wp\/v2\/posts"}],"about":[{"href":"https:\/\/peninsula360press.com\/es_mx\/wp-json\/wp\/v2\/types\/post"}],"author":[{"embeddable":true,"href":"https:\/\/peninsula360press.com\/es_mx\/wp-json\/wp\/v2\/users\/7"}],"replies":[{"embeddable":true,"href":"https:\/\/peninsula360press.com\/es_mx\/wp-json\/wp\/v2\/comments?post=34615"}],"version-history":[{"count":1,"href":"https:\/\/peninsula360press.com\/es_mx\/wp-json\/wp\/v2\/posts\/34615\/revisions"}],"predecessor-version":[{"id":34616,"href":"https:\/\/peninsula360press.com\/es_mx\/wp-json\/wp\/v2\/posts\/34615\/revisions\/34616"}],"wp:featuredmedia":[{"embeddable":true,"href":"https:\/\/peninsula360press.com\/es_mx\/wp-json\/wp\/v2\/media\/29733"}],"wp:attachment":[{"href":"https:\/\/peninsula360press.com\/es_mx\/wp-json\/wp\/v2\/media?parent=34615"}],"wp:term":[{"taxonomy":"category","embeddable":true,"href":"https:\/\/peninsula360press.com\/es_mx\/wp-json\/wp\/v2\/categories?post=34615"},{"taxonomy":"post_tag","embeddable":true,"href":"https:\/\/peninsula360press.com\/es_mx\/wp-json\/wp\/v2\/tags?post=34615"}],"curies":[{"name":"wp","href":"https:\/\/api.w.org\/{rel}","templated":true}]}}