{"id":4269,"date":"2021-02-16T15:25:03","date_gmt":"2021-02-16T23:25:03","guid":{"rendered":"https:\/\/peninsula360press.com\/?p=4269"},"modified":"2021-03-17T00:25:28","modified_gmt":"2021-03-17T08:25:28","slug":"covid-19-clinica-en-sfo-vacunara-a-personas-de-65-anos-o-mas","status":"publish","type":"post","link":"https:\/\/peninsula360press.com\/es_mx\/covid-19-clinica-en-sfo-vacunara-a-personas-de-65-anos-o-mas\/","title":{"rendered":"COVID-19: Cl\u00ednica en SFO vacunar\u00e1 a personas de 65 a\u00f1os o m\u00e1s"},"content":{"rendered":"\n<figure class=\"wp-block-image size-large\"><img fetchpriority=\"high\" decoding=\"async\" width=\"1024\" height=\"768\" src=\"https:\/\/peninsula360press.com\/wp-content\/uploads\/2021\/02\/1280px-Aerial_view_of_San_Francisco_International_Airport_2010-1024x768.jpg\" alt=\"COVID-19: Cl\u00ednica SFO vacunar\u00e1 personas 65 a\u00f1os\" class=\"wp-image-4270\" srcset=\"https:\/\/peninsula360press.com\/wp-content\/uploads\/2021\/02\/1280px-Aerial_view_of_San_Francisco_International_Airport_2010-1024x768.jpg 1024w, https:\/\/peninsula360press.com\/wp-content\/uploads\/2021\/02\/1280px-Aerial_view_of_San_Francisco_International_Airport_2010-300x225.jpg 300w, https:\/\/peninsula360press.com\/wp-content\/uploads\/2021\/02\/1280px-Aerial_view_of_San_Francisco_International_Airport_2010-768x576.jpg 768w, https:\/\/peninsula360press.com\/wp-content\/uploads\/2021\/02\/1280px-Aerial_view_of_San_Francisco_International_Airport_2010-16x12.jpg 16w, https:\/\/peninsula360press.com\/wp-content\/uploads\/2021\/02\/1280px-Aerial_view_of_San_Francisco_International_Airport_2010-280x210.jpg 280w, https:\/\/peninsula360press.com\/wp-content\/uploads\/2021\/02\/1280px-Aerial_view_of_San_Francisco_International_Airport_2010-560x420.jpg 560w, https:\/\/peninsula360press.com\/wp-content\/uploads\/2021\/02\/1280px-Aerial_view_of_San_Francisco_International_Airport_2010-450x338.jpg 450w, https:\/\/peninsula360press.com\/wp-content\/uploads\/2021\/02\/1280px-Aerial_view_of_San_Francisco_International_Airport_2010-780x585.jpg 780w\" sizes=\"(max-width: 1024px) 100vw, 1024px\" \/><\/figure>\n\n\n\n<h5 class=\"wp-block-heading\">Bay City News [BCN]. Pen\u00ednsula 360 Press [<a href=\"https:\/\/peninsula360press.com\">P360P<\/a>].<\/h5>\n\n\n\n<p>Una cl\u00ednica de vacunaci\u00f3n de dos d\u00edas en el Aeropuerto Internacional de San Francisco proporcionar\u00e1 vacunas contra COVID-19 para todos los residentes del condado de San Mateo de 65 a\u00f1os o m\u00e1s, independientemente del seguro.<\/p>\n\n\n\n<p>COVID-19: Cl\u00ednica SFO vacunar\u00e1 personas 65 a\u00f1os; se lleva a cabo los mi\u00e9rcoles y viernes en el estacionamiento a largo plazo de la SFO, 806 S. Airport Blvd.<\/p>\n\n\n\n<p>Los residentes de 65 a\u00f1os o m\u00e1s pueden inscribirse para una cita en el sitio\u00a0<a href=\"https:\/\/crbn.app.link\/e\/covid-vax-sf-airport-first-dose\" target=\"_blank\" rel=\"noopener\">https:\/\/crbn.app.link\/e\/covid-vax-sf-airport-first-dos<\/a><a>e<\/a>, donde las citas est\u00e1n disponibles de 9:30 h a 16 h el mi\u00e9rcoles y de 9 h a mediod\u00eda el viernes.<\/p>\n\n\n\n<p>Las personas deben registrarse con anticipaci\u00f3n y llevar consigo una identificaci\u00f3n con foto que muestre la fecha de nacimiento. El registro sin cita previa no est\u00e1 disponible y las personas que no cumplan con los criterios de elegibilidad se rechazar\u00e1n o se cancelar\u00e1n sus citas, seg\u00fan el condado.<\/p>\n\n\n\n<p>Cl\u00ednica SFO vacunar\u00e1 personas 65 a\u00f1os por COVID-19, que comenz\u00f3 el 12 de febrero, antes estaba limitada a los residentes cubiertos por el Plan de Salud de San Mateo o aquellos que no ten\u00edan otro acceso a la vacuna, sin embargo, los funcionarios del condado decidieron el domingo ampliar el alcance de la cl\u00ednica para cubrir las citas restantes.<\/p>\n\n\n\n<p>Preston Merchant, portavoz de San Mateo County Health, dijo que el condado anticipa que 12 mil residentes se habr\u00e1n vacunado en la cl\u00ednica SFO para el final del viernes.<\/p>\n\n\n\n<p>Hasta este lunes, 109 mil 793 residentes del condado de San Mateo han recibido al menos la primera dosis de la vacuna, lo que representa el 17.1 por ciento de las personas de 16 a\u00f1os o m\u00e1s en el condado.<\/p>\n\n\n\n<p>El condado de San Mateo se centra en vacunar a los trabajadores de la salud y a las personas mayores de 65 a\u00f1os en este momento. La vacunaci\u00f3n para los pr\u00f3ximos grupos elegibles \u2013maestros, trabajadores de cuidado infantil, trabajadores agr\u00edcolas y socorristas\u2013 comenzar\u00e1 el 22 de febrero, anunci\u00f3 el condado la semana pasada.<\/p>\n","protected":false},"excerpt":{"rendered":"<p>Bay City News [BCN]. Pen\u00ednsula 360 Press [P360P]. Una cl\u00ednica de vacunaci\u00f3n de dos d\u00edas en el Aeropuerto Internacional de San Francisco proporcionar\u00e1 vacunas contra COVID-19 para todos los residentes del condado de San Mateo de 65 a\u00f1os o m\u00e1s, independientemente del seguro. COVID-19: Cl\u00ednica SFO vacunar\u00e1 personas 65 a\u00f1os; se lleva a cabo los [&hellip;]<\/p>\n","protected":false},"author":4,"featured_media":4270,"comment_status":"open","ping_status":"open","sticky":false,"template":"","format":"standard","meta":{"footnotes":""},"categories":[170,12,78],"tags":[273],"class_list":{"0":"post-4269","1":"post","2":"type-post","3":"status-publish","4":"format-standard","5":"has-post-thumbnail","7":"category-covid19","8":"category-health","9":"category-san-francisco","10":"tag-ccj"},"_links":{"self":[{"href":"https:\/\/peninsula360press.com\/es_mx\/wp-json\/wp\/v2\/posts\/4269","targetHints":{"allow":["GET"]}}],"collection":[{"href":"https:\/\/peninsula360press.com\/es_mx\/wp-json\/wp\/v2\/posts"}],"about":[{"href":"https:\/\/peninsula360press.com\/es_mx\/wp-json\/wp\/v2\/types\/post"}],"author":[{"embeddable":true,"href":"https:\/\/peninsula360press.com\/es_mx\/wp-json\/wp\/v2\/users\/4"}],"replies":[{"embeddable":true,"href":"https:\/\/peninsula360press.com\/es_mx\/wp-json\/wp\/v2\/comments?post=4269"}],"version-history":[{"count":3,"href":"https:\/\/peninsula360press.com\/es_mx\/wp-json\/wp\/v2\/posts\/4269\/revisions"}],"predecessor-version":[{"id":4644,"href":"https:\/\/peninsula360press.com\/es_mx\/wp-json\/wp\/v2\/posts\/4269\/revisions\/4644"}],"wp:featuredmedia":[{"embeddable":true,"href":"https:\/\/peninsula360press.com\/es_mx\/wp-json\/wp\/v2\/media\/4270"}],"wp:attachment":[{"href":"https:\/\/peninsula360press.com\/es_mx\/wp-json\/wp\/v2\/media?parent=4269"}],"wp:term":[{"taxonomy":"category","embeddable":true,"href":"https:\/\/peninsula360press.com\/es_mx\/wp-json\/wp\/v2\/categories?post=4269"},{"taxonomy":"post_tag","embeddable":true,"href":"https:\/\/peninsula360press.com\/es_mx\/wp-json\/wp\/v2\/tags?post=4269"}],"curies":[{"name":"wp","href":"https:\/\/api.w.org\/{rel}","templated":true}]}}