{"id":5651,"date":"2021-05-14T09:51:56","date_gmt":"2021-05-14T17:51:56","guid":{"rendered":"https:\/\/peninsula360press.com\/?p=5651"},"modified":"2021-05-14T09:52:21","modified_gmt":"2021-05-14T17:52:21","slug":"equidad-clave-en-sanacion-tras-pandemia-por-covid-19-expertos","status":"publish","type":"post","link":"https:\/\/peninsula360press.com\/es_mx\/equidad-clave-en-sanacion-tras-pandemia-por-covid-19-expertos\/","title":{"rendered":"Equidad, clave en sanaci\u00f3n tras pandemia por COVID-19: Expertos"},"content":{"rendered":"\n<figure class=\"wp-block-image size-large\"><img fetchpriority=\"high\" decoding=\"async\" width=\"1024\" height=\"1024\" src=\"https:\/\/peninsula360press.com\/wp-content\/uploads\/2020\/12\/6bc54189667a74bf23d7640e9c98-1620247.jpgd_-1024x1024.jpeg\" alt=\"pandemia\" class=\"wp-image-3034\" srcset=\"https:\/\/peninsula360press.com\/wp-content\/uploads\/2020\/12\/6bc54189667a74bf23d7640e9c98-1620247.jpgd_-1024x1024.jpeg 1024w, https:\/\/peninsula360press.com\/wp-content\/uploads\/2020\/12\/6bc54189667a74bf23d7640e9c98-1620247.jpgd_-300x300.jpeg 300w, https:\/\/peninsula360press.com\/wp-content\/uploads\/2020\/12\/6bc54189667a74bf23d7640e9c98-1620247.jpgd_-150x150.jpeg 150w, https:\/\/peninsula360press.com\/wp-content\/uploads\/2020\/12\/6bc54189667a74bf23d7640e9c98-1620247.jpgd_-768x768.jpeg 768w, https:\/\/peninsula360press.com\/wp-content\/uploads\/2020\/12\/6bc54189667a74bf23d7640e9c98-1620247.jpgd_-12x12.jpeg 12w, https:\/\/peninsula360press.com\/wp-content\/uploads\/2020\/12\/6bc54189667a74bf23d7640e9c98-1620247.jpgd_-450x450.jpeg 450w, https:\/\/peninsula360press.com\/wp-content\/uploads\/2020\/12\/6bc54189667a74bf23d7640e9c98-1620247.jpgd_-780x780.jpeg 780w, https:\/\/peninsula360press.com\/wp-content\/uploads\/2020\/12\/6bc54189667a74bf23d7640e9c98-1620247.jpgd_.jpeg 1200w\" sizes=\"(max-width: 1024px) 100vw, 1024px\" \/><\/figure>\n\n\n\n<h5 class=\"wp-block-heading\">Pamela Cruz. Pen\u00ednsula 360 Press [<a href=\"https:\/\/peninsula360press.com\/\">P360P<\/a>].<\/h5>\n\n\n\n<p>Tras m\u00e1s de un a\u00f1o de pandemia por COVID-19, la enfermedad revel\u00f3 y exacerb\u00f3 las graves problem\u00e1ticas que existen en la sociedad, mismas que a lo largo de los a\u00f1os han afectado, en especial, a los m\u00e1s vulnerables, quienes hoy m\u00e1s que nunca padecen en materia m\u00e9dica, educativa, de vivienda y falta de trabajo, entre muchas otras, por lo que para avanzar y sanar se necesitar\u00e1 apostar por la equidad y justicia, refirieron expertos.<\/p>\n\n\n\n<p>Manuel Pastor, distinguido profesor de Sociolog\u00eda y estudios \u00e9tnicos americanos de la Universidad del Sur de California, refiri\u00f3 que la pandemia de COVID-19 \u00abrevel\u00f3 nuestras enfermedades como sociedad, y los valles de desigualdad preexistentes se han inundado con el tsunami de la enfermedad\u00bb.<\/p>\n\n\n\n<p>As\u00ed lo se\u00f1al\u00f3 durante una sesi\u00f3n informativa con medios de comunicaci\u00f3n realizada por <a href=\"https:\/\/ethnicmediaservices.org\/\" target=\"_blank\" rel=\"noopener\">Ethnic Media Services<\/a>, donde puntualiz\u00f3 que las desigualdades afectaron gravemente a la comunidad de inmigrantes con estatus legal migratorio mixto que, si bien por una parte el gobierno les dec\u00eda que podr\u00edan tener acceso a la vacuna, tambi\u00e9n era el mismo que estaba ansioso por deportarlos.<\/p>\n\n\n\n<p>Por lo anterior, dijo, \u00abes bastante dif\u00edcil desarrollar un nivel de confianza\u00bb en el gobierno, situaci\u00f3n que se advirti\u00f3 desde inicios de la pandemia y que se exacerb\u00f3 en la clase trabajadora de color.&nbsp;<\/p>\n\n\n\n<p>A ello, sum\u00f3 que la vacunaci\u00f3n pudo parecer, desde un inicio, equitativa, sin embargo, muchos de los sitios masivos de inmunizaci\u00f3n estaban principalmente dise\u00f1ados para acceder en auto o llegar a ellos en transporte particular, lo que discrimina a todos aquellos que no tienen acceso a un veh\u00edculo.&nbsp;<\/p>\n\n\n\n<p>Adem\u00e1s, dijo, excluye a aquellos que no tienen acceso a una computadora, dispositivos m\u00f3viles o internet, por lo que, desde un inicio, la vacunaci\u00f3n tuvo como publico principal a residentes cauc\u00e1sicos.&nbsp;<\/p>\n\n\n\n<p>Pastor detall\u00f3 que \u00abtodo programa de ayuda estatal debe tratar de pensar en lo que puede hacer para ser completamente accesible para los californianos indocumentados\u00bb.<\/p>\n\n\n\n<p>Asimismo, explic\u00f3 que California decidi\u00f3 asignar el 40 por ciento de las vacunas al 25 por ciento de las comunidades que ocasionaron el peor \u00edndice de lugares saludables del estado, ello a trav\u00e9s de cl\u00ednicas m\u00f3viles locales, quienes recibieron las dosis, movilizaron mensajeros de confianza y realizaron campa\u00f1as para fomentar la vacunaci\u00f3n.<\/p>\n\n\n\n<p>Es por ello que, explic\u00f3, es necesario ver qu\u00e9 va a pasar en los pr\u00f3ximos meses, donde ser\u00e1 necesario priorizar las necesidades de las comunidades de color y residentes indocumentados, donde se tomen en cuenta para ayuda econ\u00f3mica y todos los programas de alivio.&nbsp;<\/p>\n\n\n\n<p>A nivel educativo, Pastor precis\u00f3 que la educaci\u00f3n es otra \u00e1rea de la brecha para las comunidades de color, ya que han experimentado una tremenda p\u00e9rdida de aprendizaje y, a pesar de la reapertura de las escuelas, son los m\u00e1s reacios a regresar.&nbsp;<\/p>\n\n\n\n<p>En ese sentido, precis\u00f3 que las familias de color que sufrieron el virus en sus hogares tienen miedo de enviar a sus hijos a lugares donde puedan estar infectados, ya que ello significar\u00eda ocupar servicios de salud, situaci\u00f3n complicada para muchos, debido a la falta de seguro m\u00e9dico.<\/p>\n\n\n\n<p>Adem\u00e1s, en el condado de Los \u00c1ngeles, 13 por ciento de los ni\u00f1os blancos de preescolar no ten\u00edan una computadora con Internet de alta velocidad, cifra que aumenta a 40 por ciento en menores afroamericanos o latinos.<\/p>\n\n\n\n<p>Pastor subray\u00f3 que la pandemia tambi\u00e9n ha afectado de manera desproporcionada los ingresos de las comunidades de color, la cual, si bien no ha causado una recesi\u00f3n similar a la de 2008, que afect\u00f3 a la econom\u00eda de manera uniforme, los residentes se enfrentan a una \u00abmicro recesi\u00f3n\u00bb.&nbsp;<\/p>\n\n\n\n<p>Y es que, de acuerdo con Pastor, los mercados de valores y las propiedades han subido, por lo que aquellas personas con ingresos anuales superiores a los 100 mil d\u00f3lares no se ven afectadas, no as\u00ed para aquellos que se encuentran en la parte inferior del mercado laboral, quienes han perdido sus ingresos, empleos y, por ende, salarios.<\/p>\n\n\n\n<p>A lo anterior, debe agregarse la salud mental, donde tampoco hay equidad.<\/p>\n\n\n\n<p>\u00abEl nivel de trauma de salud mental es alto y necesitamos tener disponibles recursos de salud mental culturalmente sensibles. Necesitamos desestigmatizar el problema, hacer que se vea como algo social y a nivel comunitario, no solo su falla individual, para que la gente se sienta segura al acceder a esos recursos\u00bb, precis\u00f3.<\/p>\n\n\n\n<p>El experto explic\u00f3 que, en las comunidades de color, la salud mental se ve a menudo como algo que debe tratarse de forma aislada, brutalizado por un sistema, donde se considera que las personas deben lidiar con ese trauma por su propia cuenta.<\/p>\n\n\n\n<p>Al respecto, la vicepresidenta de Desarrollo Organizacional de Community Coalition, Leslie Johnson, inform\u00f3 que la organizaci\u00f3n lanz\u00f3 un sitio llamado \u00ab\u00bfEst\u00e1s bien?\u00bb \u2013tanto en espa\u00f1ol como en ingl\u00e9s\u00ad\u2013 donde los residentes pueden verificar su salud emocional.<\/p>\n\n\n\n<p>La campa\u00f1a \u00ab\u00bfEst\u00e1s bien?\u00bb es una coalici\u00f3n local de residentes y organizaciones dedicadas a crear comunidades sanas y resistentes sobre todo en las pr\u00f3ximas generaciones.<\/p>\n\n\n\n<p>En ese sentido explic\u00f3 que, actualmente, el racismo es la verdadera pandemia contra la que se lucha, por lo que es necesario que funcionarios tomen en serio la salud mental de aquellos que enfrentan la pandemia y que son atacados.<\/p>\n\n\n\n<p>\u00abEl COVID-19 ha exacerbado muchas condiciones preexistentes en nuestra comunidad que son fomentadas por el racismo institucional y la supremac\u00eda blanca. Debemos pedir soluciones que sean audaces, no solo a nivel individual, sino con respecto a sistemas\u00bb, puntualiz\u00f3.<\/p>\n","protected":false},"excerpt":{"rendered":"<p>Pamela Cruz. Pen\u00ednsula 360 Press [P360P]. Tras m\u00e1s de un a\u00f1o de pandemia por COVID-19, la enfermedad revel\u00f3 y exacerb\u00f3 las graves problem\u00e1ticas que existen en la sociedad, mismas que a lo largo de los a\u00f1os han afectado, en especial, a los m\u00e1s vulnerables, quienes hoy m\u00e1s que nunca padecen en materia m\u00e9dica, educativa, de [&hellip;]<\/p>\n","protected":false},"author":4,"featured_media":3034,"comment_status":"open","ping_status":"open","sticky":false,"template":"","format":"standard","meta":{"footnotes":""},"categories":[14,170,8,12],"tags":[],"class_list":{"0":"post-5651","1":"post","2":"type-post","3":"status-publish","4":"format-standard","5":"has-post-thumbnail","7":"category-cover","8":"category-covid19","9":"category-usworld","10":"category-health"},"_links":{"self":[{"href":"https:\/\/peninsula360press.com\/es_mx\/wp-json\/wp\/v2\/posts\/5651","targetHints":{"allow":["GET"]}}],"collection":[{"href":"https:\/\/peninsula360press.com\/es_mx\/wp-json\/wp\/v2\/posts"}],"about":[{"href":"https:\/\/peninsula360press.com\/es_mx\/wp-json\/wp\/v2\/types\/post"}],"author":[{"embeddable":true,"href":"https:\/\/peninsula360press.com\/es_mx\/wp-json\/wp\/v2\/users\/4"}],"replies":[{"embeddable":true,"href":"https:\/\/peninsula360press.com\/es_mx\/wp-json\/wp\/v2\/comments?post=5651"}],"version-history":[{"count":2,"href":"https:\/\/peninsula360press.com\/es_mx\/wp-json\/wp\/v2\/posts\/5651\/revisions"}],"predecessor-version":[{"id":5653,"href":"https:\/\/peninsula360press.com\/es_mx\/wp-json\/wp\/v2\/posts\/5651\/revisions\/5653"}],"wp:featuredmedia":[{"embeddable":true,"href":"https:\/\/peninsula360press.com\/es_mx\/wp-json\/wp\/v2\/media\/3034"}],"wp:attachment":[{"href":"https:\/\/peninsula360press.com\/es_mx\/wp-json\/wp\/v2\/media?parent=5651"}],"wp:term":[{"taxonomy":"category","embeddable":true,"href":"https:\/\/peninsula360press.com\/es_mx\/wp-json\/wp\/v2\/categories?post=5651"},{"taxonomy":"post_tag","embeddable":true,"href":"https:\/\/peninsula360press.com\/es_mx\/wp-json\/wp\/v2\/tags?post=5651"}],"curies":[{"name":"wp","href":"https:\/\/api.w.org\/{rel}","templated":true}]}}