{"id":5708,"date":"2021-05-18T17:10:06","date_gmt":"2021-05-19T01:10:06","guid":{"rendered":"https:\/\/peninsula360press.com\/?p=5708"},"modified":"2021-05-18T17:10:11","modified_gmt":"2021-05-19T01:10:11","slug":"aeropuerto-de-san-francisco-ve-aumento-en-vuelos-para-verano","status":"publish","type":"post","link":"https:\/\/peninsula360press.com\/es_mx\/aeropuerto-de-san-francisco-ve-aumento-en-vuelos-para-verano\/","title":{"rendered":"Aeropuerto de San Francisco ve aumento en vuelos para verano"},"content":{"rendered":"\n<figure class=\"wp-block-image size-large\"><img fetchpriority=\"high\" decoding=\"async\" width=\"1024\" height=\"683\" src=\"https:\/\/peninsula360press.com\/wp-content\/uploads\/2021\/05\/1280px-SFO_international_terminal-1024x683.jpg\" alt=\"\" class=\"wp-image-5710\" srcset=\"https:\/\/peninsula360press.com\/wp-content\/uploads\/2021\/05\/1280px-SFO_international_terminal-1024x683.jpg 1024w, https:\/\/peninsula360press.com\/wp-content\/uploads\/2021\/05\/1280px-SFO_international_terminal-300x200.jpg 300w, https:\/\/peninsula360press.com\/wp-content\/uploads\/2021\/05\/1280px-SFO_international_terminal-768x512.jpg 768w, https:\/\/peninsula360press.com\/wp-content\/uploads\/2021\/05\/1280px-SFO_international_terminal-16x12.jpg 16w, https:\/\/peninsula360press.com\/wp-content\/uploads\/2021\/05\/1280px-SFO_international_terminal-150x100.jpg 150w, https:\/\/peninsula360press.com\/wp-content\/uploads\/2021\/05\/1280px-SFO_international_terminal-696x464.jpg 696w, https:\/\/peninsula360press.com\/wp-content\/uploads\/2021\/05\/1280px-SFO_international_terminal-1068x713.jpg 1068w\" sizes=\"(max-width: 1024px) 100vw, 1024px\" \/><\/figure>\n\n\n\n<h5 class=\"wp-block-heading\">Pamela Cruz. Pen\u00ednsula 360 Press [<a href=\"https:\/\/peninsula360press.com\/\">P360P<\/a>].<\/h5>\n\n\n\n<p>El Aeropuerto Internacional de San Francisco \u2012SFO\u2012 espera ver un crecimiento continuo de pasajeros durante la pr\u00f3xima temporada de viajes de verano, luego de que se colocara como una de las terminales a\u00e9reas m\u00e1s afectadas por la pandemia de COVID-19.<\/p>\n\n\n\n<p>Sin embargo, el aeropuerto ya ha establecido un punto alto para los viajes en la era de la pandemia, con m\u00e1s de 30 mil pasajeros procesados \u200b\u200ba trav\u00e9s de los puntos de control de seguridad de la SFO el 14 de mayo de 2021.&nbsp;<\/p>\n\n\n\n<p>Durante la temporada de viajes de verano, la SFO espera servir a 35 mil pasajeros por d\u00eda en los puntos de control de seguridad y m\u00e1s de 38 mil diariamente en los per\u00edodos pico, se\u00f1al\u00f3 en un comunicado el Aeropuerto Internacional de San Francisco.<\/p>\n\n\n\n<p>Si bien dichos niveles est\u00e1n m\u00e1s de 50 por ciento por debajo de lo acostumbrado por el aeropuerto antes de la pandemia, SFO est\u00e1 experimentando el per\u00edodo sostenido m\u00e1s largo de crecimiento de pasajeros.<\/p>\n\n\n\n<p>\u00abEstamos muy contentos de dar la bienvenida a m\u00e1s pasajeros a SFO para la temporada de viajes de verano\u00bb, dijo el director del aeropuerto, Ivar C. Satero. \u00abCon nuevas instalaciones, comodidades y cl\u00ednicas de pruebas, estamos ofreciendo una experiencia en el aeropuerto que es segura, saludable y agradable\u00bb.<\/p>\n\n\n\n<p>Cabe destacar que el SFO a\u00fan requiere que todos los usuarios usen mascarillas faciales para viajar en avi\u00f3n.<\/p>\n\n\n\n<p>En ese sentido, apunt\u00f3 que sigue vigente un mandato de la Administraci\u00f3n de Seguridad del Transporte (TSA) que requiere que todos los viajeros a\u00e9reos, ferroviarios y de autob\u00fas, mayores de 2 a\u00f1os usen una m\u00e1scara en todo momento.&nbsp;<\/p>\n\n\n\n<p>Asimismo, los Centros para el Control de Enfermedades \u2012CDC, por sus siglas en ingl\u00e9s\u2012 tambi\u00e9n requieren que todos los viajeros usen mascarillas faciales en aviones y aeropuertos.<\/p>\n\n\n\n<p>Actualmente hay tres servicios de prueba COVID-19 en el sitio disponibles para los viajeros&nbsp;<\/p>\n\n\n\n<p>\u00b7&nbsp;&nbsp;&nbsp;&nbsp;&nbsp;&nbsp;&nbsp;Dignity Health-GoHealth Urgent Care, ubicado en el nivel de salidas de la Terminal Internacional<\/p>\n\n\n\n<p>\u00b7&nbsp;&nbsp;&nbsp;&nbsp;&nbsp;&nbsp;&nbsp;XpressCheck, ubicado en el nivel de llegadas de la Terminal 3<\/p>\n\n\n\n<p>\u00b7&nbsp;&nbsp;&nbsp;&nbsp;&nbsp;&nbsp;&nbsp;Worksite Labs, un sitio de pruebas para veh\u00edculos ubicado junto al estacionamiento a largo plazo<\/p>\n\n\n\n<p>Por otra parte, el SFO detall\u00f3 que la pr\u00f3xima fase de Harvey Milk Terminal 1 abrir\u00e1 el pr\u00f3ximo 25 de mayo.<\/p>\n\n\n\n<p>La nueva secci\u00f3n de la Terminal 1 \u00abHarvey Milk\u00bb incluye siete nuevas puertas de salida, un nuevo conector posterior a la seguridad a la Terminal Internacional, una nueva galer\u00eda del museo y una nueva exhibici\u00f3n de contenido de exhibici\u00f3n que honra la vida y el legado del activista y pol\u00edtico Harvey Milk.<\/p>\n\n\n\n<p>A su vez, la plataforma de observaci\u00f3n al aire libre \u00abSkyTerrace\u00bb reabrir\u00e1 para el fin de semana del D\u00eda de los Ca\u00eddos por primera vez desde el inicio de la pandemia.&nbsp;<\/p>\n\n\n\n<p>SkyTerrace estar\u00e1 abierta al p\u00fablico en general del viernes 28 de mayo al lunes 31 de mayo, en un horario de 10:00 a 18:00 h. No se requiere boleto ni tarjeta de embarque para acceder al \u00e1rea, pero los visitantes se someter\u00e1n a un control de seguridad al ingresar al espacio.&nbsp;<\/p>\n\n\n\n<p>Los visitantes pueden llevar alimentos y bebidas al \u00e1rea, pero no se permite fumar en ning\u00fan momento.<\/p>\n","protected":false},"excerpt":{"rendered":"<p>Pamela Cruz. Pen\u00ednsula 360 Press [P360P]. El Aeropuerto Internacional de San Francisco \u2012SFO\u2012 espera ver un crecimiento continuo de pasajeros durante la pr\u00f3xima temporada de viajes de verano, luego de que se colocara como una de las terminales a\u00e9reas m\u00e1s afectadas por la pandemia de COVID-19. Sin embargo, el aeropuerto ya ha establecido un punto [&hellip;]<\/p>\n","protected":false},"author":4,"featured_media":5710,"comment_status":"open","ping_status":"open","sticky":false,"template":"","format":"standard","meta":{"footnotes":""},"categories":[14,78],"tags":[],"class_list":{"0":"post-5708","1":"post","2":"type-post","3":"status-publish","4":"format-standard","5":"has-post-thumbnail","7":"category-cover","8":"category-san-francisco"},"_links":{"self":[{"href":"https:\/\/peninsula360press.com\/es_mx\/wp-json\/wp\/v2\/posts\/5708","targetHints":{"allow":["GET"]}}],"collection":[{"href":"https:\/\/peninsula360press.com\/es_mx\/wp-json\/wp\/v2\/posts"}],"about":[{"href":"https:\/\/peninsula360press.com\/es_mx\/wp-json\/wp\/v2\/types\/post"}],"author":[{"embeddable":true,"href":"https:\/\/peninsula360press.com\/es_mx\/wp-json\/wp\/v2\/users\/4"}],"replies":[{"embeddable":true,"href":"https:\/\/peninsula360press.com\/es_mx\/wp-json\/wp\/v2\/comments?post=5708"}],"version-history":[{"count":1,"href":"https:\/\/peninsula360press.com\/es_mx\/wp-json\/wp\/v2\/posts\/5708\/revisions"}],"predecessor-version":[{"id":5711,"href":"https:\/\/peninsula360press.com\/es_mx\/wp-json\/wp\/v2\/posts\/5708\/revisions\/5711"}],"wp:featuredmedia":[{"embeddable":true,"href":"https:\/\/peninsula360press.com\/es_mx\/wp-json\/wp\/v2\/media\/5710"}],"wp:attachment":[{"href":"https:\/\/peninsula360press.com\/es_mx\/wp-json\/wp\/v2\/media?parent=5708"}],"wp:term":[{"taxonomy":"category","embeddable":true,"href":"https:\/\/peninsula360press.com\/es_mx\/wp-json\/wp\/v2\/categories?post=5708"},{"taxonomy":"post_tag","embeddable":true,"href":"https:\/\/peninsula360press.com\/es_mx\/wp-json\/wp\/v2\/tags?post=5708"}],"curies":[{"name":"wp","href":"https:\/\/api.w.org\/{rel}","templated":true}]}}