{"id":5848,"date":"2021-05-27T07:38:46","date_gmt":"2021-05-27T15:38:46","guid":{"rendered":"https:\/\/peninsula360press.com\/?p=5848"},"modified":"2021-05-27T07:38:49","modified_gmt":"2021-05-27T15:38:49","slug":"amplian-servicios-de-salud-mental-para-estudiantes-de-escuelas-intermedias-en-sf","status":"publish","type":"post","link":"https:\/\/peninsula360press.com\/es_mx\/amplian-servicios-de-salud-mental-para-estudiantes-de-escuelas-intermedias-en-sf\/","title":{"rendered":"Ampl\u00edan servicios de salud mental para estudiantes de escuelas intermedias en SF"},"content":{"rendered":"\n<h6 class=\"wp-block-heading\">Por Pamela Cruz<\/h6>\n\n\n\n<div class=\"wp-block-image\"><figure class=\"aligncenter size-large is-resized\"><img fetchpriority=\"high\" decoding=\"async\" src=\"https:\/\/peninsula360press.com\/wp-content\/uploads\/2021\/05\/school.jpg\" alt=\"Servicios de salud mental para estudiantes\" class=\"wp-image-5849\" width=\"469\" height=\"350\" srcset=\"https:\/\/peninsula360press.com\/wp-content\/uploads\/2021\/05\/school.jpg 640w, https:\/\/peninsula360press.com\/wp-content\/uploads\/2021\/05\/school-300x224.jpg 300w, https:\/\/peninsula360press.com\/wp-content\/uploads\/2021\/05\/school-16x12.jpg 16w, https:\/\/peninsula360press.com\/wp-content\/uploads\/2021\/05\/school-150x112.jpg 150w\" sizes=\"(max-width: 469px) 100vw, 469px\" \/><\/figure><\/div>\n\n\n\n<p>Los servicios de salud mental y de cultura para estudiantes de escuelas intermedias del Distrito Escolar Unificado de San Francisco (SFUSD) se ampliar\u00e1n durante los pr\u00f3ximos cuatro a\u00f1os.<\/p>\n\n\n\n<p>La Iniciativa de Salud Mental de los Centros Beacon de Escuelas Intermedias del DCYF-SFUSD coordinar\u00e1 el proyecto que dar\u00e1 inicio en tres escuelas, a partir del oto\u00f1o de 2021.&nbsp;<\/p>\n\n\n\n<p>As\u00ed lo dio a conocer la alcaldesa de San Francisco, London N. Breed, y el superintendente, Dr. Vincent Matthews, quienes puntualizaron que el beneficio al Departamento de Ni\u00f1os, J\u00f3venes y sus Familias \u2012DCYF por sus siglas en ingl\u00e9s\u2012 y al Distrito Escolar, fue posible gracias a la ayuda de una contribuci\u00f3n privada de un donante an\u00f3nimo.<\/p>\n\n\n\n<p>La iniciativa eventualmente atender\u00e1 a estudiantes en 13 escuelas intermedias y tres escuelas K-8 que cuentan con&nbsp; Beacon Centers y que operan en colaboraci\u00f3n con organizaciones comunitarias, precisaron.&nbsp;<\/p>\n\n\n\n<p>Una combinaci\u00f3n de fuentes de financiamiento, incluida una contribuci\u00f3n privada de un donante an\u00f3nimo por m\u00e1s de 15 millones de d\u00f3lares durante los pr\u00f3ximos cuatro a\u00f1os, permitir\u00e1 que SFUSD y DCYF se basen en modelos existentes, incluidos los Centros de Bienestar de Escuelas Secundarias y los Centros Beacon, para mejorar y expandir m\u00e1s escuelas comunitarias de servicio completo.<\/p>\n\n\n\n<p>\u00abIncluso antes del COVID-19, nuestros j\u00f3venes estaban experimentando desaf\u00edos en torno a la salud y el bienestar mental, por lo que&nbsp; hemos estado invirtiendo en esfuerzos para brindarles a los estudiantes un apoyo integral\u00bb, dijo la alcaldesa Breed.&nbsp;<\/p>\n\n\n\n<p>Agreg\u00f3 que ahora con la pandemia,&nbsp; los estudiantes y sus familias han estado pasando por momentos a\u00fan m\u00e1s dif\u00edciles, y existe una mayor necesidad de m\u00e1s servicios de salud mental para los j\u00f3venes.&nbsp;<\/p>\n\n\n\n<p>\u00abMientras nuestros estudiantes se preparan para regresar al sal\u00f3n de clases este oto\u00f1o, queremos que ellos y sus familias sepan que nuestra Ciudad y las escuelas est\u00e1n listas para apoyarlos\u00bb, abund\u00f3.<\/p>\n\n\n\n<p>Por su parte, el superintendente del SFUSD, Dr. Vincent Matthews, asegur\u00f3 que es fundamental que las escuelas del \u00e1rea tengan los recursos necesarios para atender la salud mental, f\u00edsica y emocional de los estudiantes, as\u00ed como su progreso acad\u00e9mico.<\/p>\n\n\n\n<p>\u00abEstamos dedicados a crear comunidades escolares que sirvan plenamente al bienestar, crecimiento y desarrollo de los estudiantes. Esta donaci\u00f3n permitir\u00e1 un apoyo oportuno para la salud mental y el bienestar de miles de j\u00f3venes. Es verdaderamente uno de los mejores regalos que cualquiera podr\u00eda dar a nuestros estudiantes durante este tiempo de desaf\u00edos sin precedentes\u00bb, subray\u00f3.<\/p>\n\n\n\n<p>A trav\u00e9s de <a href=\"https:\/\/sfmayor.org\/article\/san-francisco-provide-expanded-mental-health-services-students\" target=\"_blank\" rel=\"noreferrer noopener\">un comunicado<\/a>, la ciudad destac\u00f3 que m\u00e1s de la mitad de todas las enfermedades mentales se manifiestan antes de los 14 a\u00f1os, y llegar a los ni\u00f1os vulnerables y sus familias a trav\u00e9s de apoyos escolares o vinculados a la escuela proporciona una forma viable y escalable de abordar los problemas de salud mental de manera temprana.\u00a0<\/p>\n\n\n\n<p>La Iniciativa de Salud Mental de los Centros Beacon de Escuelas Intermedias del DCYF-SFUSD brindar\u00e1 apoyo integral a miles de estudiantes y padres a trav\u00e9s de una educaci\u00f3n de salud integral mejorada y con servicios cl\u00ednicos directos.&nbsp;<\/p>\n\n\n\n<p>En enero de este a\u00f1o, la alcaldesa Breed anunci\u00f3 que San Francisco proporcionar\u00eda nuevos recursos de salud mental para los estudiantes del SFUSD y sus familias que necesiten apoyo en crisis de salud conductual.&nbsp;<\/p>\n\n\n\n<p>La ciudad expandi\u00f3 el Equipo de Respuesta M\u00f3vil, que brinda servicios personalizados de salud y bienestar mental para ni\u00f1os y j\u00f3venes que son referidos al programa, incluidas intervenciones en persona durante la pandemia.&nbsp;<\/p>\n\n\n\n<p>Los estudiantes del SFUSD ahora son elegibles para los servicios del Equipo de Respuesta M\u00f3vil. Personal adicional y m\u00e9dicos de salud conductual permitir\u00e1n que el programa brinde servicios a aproximadamente a 80 estudiantes y familias m\u00e1s.<\/p>\n\n\n\n<p><em>Te puede interesar: <a href=\"https:\/\/peninsula360press.com\/covid-19-estudiantes-enfrentan-retos-por-nueva-normalidad\/\" target=\"_blank\" rel=\"noreferrer noopener\">Estudiantes enfrentan retos ante nueva normalidad<\/a><\/em><\/p>\n","protected":false},"excerpt":{"rendered":"<p>Por Pamela Cruz Los servicios de salud mental y de cultura para estudiantes de escuelas intermedias del Distrito Escolar Unificado de San Francisco (SFUSD) se ampliar\u00e1n durante los pr\u00f3ximos cuatro a\u00f1os. La Iniciativa de Salud Mental de los Centros Beacon de Escuelas Intermedias del DCYF-SFUSD coordinar\u00e1 el proyecto que dar\u00e1 inicio en tres escuelas, a [&hellip;]<\/p>\n","protected":false},"author":7,"featured_media":5849,"comment_status":"open","ping_status":"open","sticky":false,"template":"","format":"standard","meta":{"footnotes":""},"categories":[78],"tags":[],"class_list":{"0":"post-5848","1":"post","2":"type-post","3":"status-publish","4":"format-standard","5":"has-post-thumbnail","7":"category-san-francisco"},"_links":{"self":[{"href":"https:\/\/peninsula360press.com\/es_mx\/wp-json\/wp\/v2\/posts\/5848","targetHints":{"allow":["GET"]}}],"collection":[{"href":"https:\/\/peninsula360press.com\/es_mx\/wp-json\/wp\/v2\/posts"}],"about":[{"href":"https:\/\/peninsula360press.com\/es_mx\/wp-json\/wp\/v2\/types\/post"}],"author":[{"embeddable":true,"href":"https:\/\/peninsula360press.com\/es_mx\/wp-json\/wp\/v2\/users\/7"}],"replies":[{"embeddable":true,"href":"https:\/\/peninsula360press.com\/es_mx\/wp-json\/wp\/v2\/comments?post=5848"}],"version-history":[{"count":1,"href":"https:\/\/peninsula360press.com\/es_mx\/wp-json\/wp\/v2\/posts\/5848\/revisions"}],"predecessor-version":[{"id":5850,"href":"https:\/\/peninsula360press.com\/es_mx\/wp-json\/wp\/v2\/posts\/5848\/revisions\/5850"}],"wp:featuredmedia":[{"embeddable":true,"href":"https:\/\/peninsula360press.com\/es_mx\/wp-json\/wp\/v2\/media\/5849"}],"wp:attachment":[{"href":"https:\/\/peninsula360press.com\/es_mx\/wp-json\/wp\/v2\/media?parent=5848"}],"wp:term":[{"taxonomy":"category","embeddable":true,"href":"https:\/\/peninsula360press.com\/es_mx\/wp-json\/wp\/v2\/categories?post=5848"},{"taxonomy":"post_tag","embeddable":true,"href":"https:\/\/peninsula360press.com\/es_mx\/wp-json\/wp\/v2\/tags?post=5848"}],"curies":[{"name":"wp","href":"https:\/\/api.w.org\/{rel}","templated":true}]}}