{"id":5960,"date":"2021-06-04T16:59:46","date_gmt":"2021-06-05T00:59:46","guid":{"rendered":"https:\/\/peninsula360press.com\/?p=5960"},"modified":"2021-06-04T17:00:54","modified_gmt":"2021-06-05T01:00:54","slug":"facebook-extiende-suspension-a-donald-trump-por-2-anos","status":"publish","type":"post","link":"https:\/\/peninsula360press.com\/es_mx\/facebook-extiende-suspension-a-donald-trump-por-2-anos\/","title":{"rendered":"Facebook extiende suspensi\u00f3n a Donald Trump por 2 a\u00f1os"},"content":{"rendered":"\n<figure class=\"wp-block-image size-large\"><img fetchpriority=\"high\" decoding=\"async\" width=\"678\" height=\"452\" src=\"https:\/\/peninsula360press.com\/wp-content\/uploads\/2021\/06\/Facetune.jpg\" alt=\"suspensi\u00f3n\" class=\"wp-image-5963\" srcset=\"https:\/\/peninsula360press.com\/wp-content\/uploads\/2021\/06\/Facetune.jpg 678w, https:\/\/peninsula360press.com\/wp-content\/uploads\/2021\/06\/Facetune-300x200.jpg 300w, https:\/\/peninsula360press.com\/wp-content\/uploads\/2021\/06\/Facetune-16x12.jpg 16w, https:\/\/peninsula360press.com\/wp-content\/uploads\/2021\/06\/Facetune-150x100.jpg 150w\" sizes=\"(max-width: 678px) 100vw, 678px\" \/><\/figure>\n\n\n\n<p><strong><a href=\"https:\/\/peninsula360press.com\/author\/cristiancarlos\/\">Cristian Carlos<\/a>. Pen\u00ednsula 360 Press [<a href=\"https:\/\/peninsula360press.com\/\">P360P<\/a>].<\/strong><\/p>\n\n\n\n<p>La red social a cargo de Mark Zuckerberg, Facebook, anunci\u00f3 que extender\u00e1 la suspensi\u00f3n de sus servicios a Donald Trump, expresidente de EE. UU.; sin embargo, la Junta de Supervisi\u00f3n de Facebook, determin\u00f3 que la sanci\u00f3n deber\u00eda extenderse de manera indefinida.<\/p>\n\n\n\n<p>Facebook dio a conocer que, debido a las consecuencias sobre sus declaraciones en las que incit\u00f3 a miles de personas a tomar el Capitolio estadounidense representan \u00abuna grave violaci\u00f3n\u00bb de las pol\u00edticas de Facebook.<\/p>\n\n\n\n<p>En enero de este a\u00f1o, Trump incit\u00f3 a miles de personas a tomar violentamente el Capitolio durante un evento que certificaba la validez de las elecciones del pasado mes de noviembre de 2020 en donde ganase su contraparte dem\u00f3crata, el ahora presidente de los EE. UU., Joseph Biden.<\/p>\n\n\n\n<p>Varias redes sociales se vieron en la necesidad de interrumpir sus servicios al exmandatario para evitar una ola de violencia en EE. UU.; por lo que YouTube, Twitter, Facebook, Snapchat y Twitch limitaron el acceso a su informaci\u00f3n y el acceso a publicar en dicha plataforma por considerarlo una amenaza para la seguridad de los Estados Unidos.<\/p>\n\n\n\n<p>La suspensi\u00f3n de Facebook se har\u00e1 efectiva durante dos a\u00f1os contados a partir del primer d\u00eda de su suspensi\u00f3n, el 7 de enero. As\u00ed lo comunic\u00f3 este viernes Nick Clegg, vicepresidente de Asuntos Globales de Facebook. La suspensi\u00f3n, por tanto, tendr\u00eda efectos hasta el 7 de enero de 2024, lo que permitir\u00eda a Trump continuar una campa\u00f1a presidencial para ese a\u00f1o.<\/p>\n\n\n\n<p>La suspensi\u00f3n de Trump en Facebook responde a la violaci\u00f3n de las Condiciones de Uso de la red social donde se establece la suspensi\u00f3n del servicio por, la menos, un mes y hasta de dos a\u00f1os por \u00abincitar a la violencia\u00bb o provocar disturbios como los ocurridos en enero en el Capitolio de EE. UU.; por ello, la junta independiente de supervisi\u00f3n de Facebook, determin\u00f3 que la primera suspensi\u00f3n del mandatario de la red social era \u00abapropiada\u00bb.<\/p>\n","protected":false},"excerpt":{"rendered":"<p>Cristian Carlos. Pen\u00ednsula 360 Press [P360P]. La red social a cargo de Mark Zuckerberg, Facebook, anunci\u00f3 que extender\u00e1 la suspensi\u00f3n de sus servicios a Donald Trump, expresidente de EE. UU.; sin embargo, la Junta de Supervisi\u00f3n de Facebook, determin\u00f3 que la sanci\u00f3n deber\u00eda extenderse de manera indefinida. Facebook dio a conocer que, debido a las [&hellip;]<\/p>\n","protected":false},"author":4,"featured_media":5963,"comment_status":"open","ping_status":"open","sticky":false,"template":"","format":"standard","meta":{"footnotes":""},"categories":[10,14,4],"tags":[],"class_list":{"0":"post-5960","1":"post","2":"type-post","3":"status-publish","4":"format-standard","5":"has-post-thumbnail","7":"category-politics","8":"category-cover","9":"category-technology"},"_links":{"self":[{"href":"https:\/\/peninsula360press.com\/es_mx\/wp-json\/wp\/v2\/posts\/5960","targetHints":{"allow":["GET"]}}],"collection":[{"href":"https:\/\/peninsula360press.com\/es_mx\/wp-json\/wp\/v2\/posts"}],"about":[{"href":"https:\/\/peninsula360press.com\/es_mx\/wp-json\/wp\/v2\/types\/post"}],"author":[{"embeddable":true,"href":"https:\/\/peninsula360press.com\/es_mx\/wp-json\/wp\/v2\/users\/4"}],"replies":[{"embeddable":true,"href":"https:\/\/peninsula360press.com\/es_mx\/wp-json\/wp\/v2\/comments?post=5960"}],"version-history":[{"count":3,"href":"https:\/\/peninsula360press.com\/es_mx\/wp-json\/wp\/v2\/posts\/5960\/revisions"}],"predecessor-version":[{"id":5965,"href":"https:\/\/peninsula360press.com\/es_mx\/wp-json\/wp\/v2\/posts\/5960\/revisions\/5965"}],"wp:featuredmedia":[{"embeddable":true,"href":"https:\/\/peninsula360press.com\/es_mx\/wp-json\/wp\/v2\/media\/5963"}],"wp:attachment":[{"href":"https:\/\/peninsula360press.com\/es_mx\/wp-json\/wp\/v2\/media?parent=5960"}],"wp:term":[{"taxonomy":"category","embeddable":true,"href":"https:\/\/peninsula360press.com\/es_mx\/wp-json\/wp\/v2\/categories?post=5960"},{"taxonomy":"post_tag","embeddable":true,"href":"https:\/\/peninsula360press.com\/es_mx\/wp-json\/wp\/v2\/tags?post=5960"}],"curies":[{"name":"wp","href":"https:\/\/api.w.org\/{rel}","templated":true}]}}