{"id":5970,"date":"2021-06-05T14:35:07","date_gmt":"2021-06-05T22:35:07","guid":{"rendered":"https:\/\/peninsula360press.com\/?p=5970"},"modified":"2021-06-05T14:54:26","modified_gmt":"2021-06-05T22:54:26","slug":"reconocen-a-periodistas-de-medios-etnicos","status":"publish","type":"post","link":"https:\/\/peninsula360press.com\/es_mx\/reconocen-a-periodistas-de-medios-etnicos\/","title":{"rendered":"Reconocen a periodistas de medios \u00e9tnicos"},"content":{"rendered":"\n<div class=\"wp-block-image\"><figure class=\"aligncenter size-large\"><img fetchpriority=\"high\" decoding=\"async\" width=\"580\" height=\"322\" src=\"https:\/\/peninsula360press.com\/wp-content\/uploads\/2021\/06\/Captura-de-Pantalla-2021-06-05-a-las-17.47.40.png\" alt=\"\" class=\"wp-image-5977\" srcset=\"https:\/\/peninsula360press.com\/wp-content\/uploads\/2021\/06\/Captura-de-Pantalla-2021-06-05-a-las-17.47.40.png 580w, https:\/\/peninsula360press.com\/wp-content\/uploads\/2021\/06\/Captura-de-Pantalla-2021-06-05-a-las-17.47.40-300x167.png 300w, https:\/\/peninsula360press.com\/wp-content\/uploads\/2021\/06\/Captura-de-Pantalla-2021-06-05-a-las-17.47.40-16x9.png 16w, https:\/\/peninsula360press.com\/wp-content\/uploads\/2021\/06\/Captura-de-Pantalla-2021-06-05-a-las-17.47.40-150x83.png 150w\" sizes=\"(max-width: 580px) 100vw, 580px\" \/><\/figure><\/div>\n\n\n\n<h6 class=\"wp-block-heading\">Por Pamela Cruz<\/h6>\n\n\n\n<p>\u00abLos medios \u00e9tnicos se han convertido r\u00e1pidamente en un puente cada vez m\u00e1s indispensable para comunicarse con diversas poblaciones dentro de nuestro estado\u00bb, dijo el gobernador Gavin Newsom, durante la ceremonia de apertura del California Ethnic Media Awards.<\/p>\n\n\n\n<p>Los premios buscan honrar a todos aquellos periodistas que desde sus trincheras llevan informaci\u00f3n confiable y de calidad a las minor\u00edas del estado.<\/p>\n\n\n\n<p>As\u00ed, 20 periodistas de medios \u00e9tnicos fueron honrados este jueves por su trabajo en nueve categor\u00edas que incluyen el censo de 2020, la pandemia de COVID-19 y su impacto desproporcionado en las comunidades \u00e9tnicas, y la crisis econ\u00f3mica que exacerb\u00f3 las fallas raciales y econ\u00f3micas en California,&nbsp; los derechos de los inmigrantes y el movimiento por la justicia racial provocado por el asesinato de George Floyd.<\/p>\n\n\n\n<p>Se reconocieron tambi\u00e9n los informes excepcionales sobre el impacto del cambio clim\u00e1tico, las elecciones de 2020, los comentarios que sirven como un llamado a la acci\u00f3n para las audiencias \u00e9tnicas y la innovaci\u00f3n y resiliencia de los medios comunitarios para sobrevivir a la pandemia.<\/p>\n\n\n\n<p>Los trabajos ganadores fueron seleccionados por jueces con conocimientos de la lengua y cultura que saben de los desaf\u00edos de trabajar en el sector. Se eligieron de entre m\u00e1s de 230 reportajes difundidos a trav\u00e9s de plataformas impresas, digitales, televisivas y radiales en ocho idiomas.<\/p>\n\n\n\n<p>Los premios multiling\u00fces fueron patrocinados por Ethnic Media Services y California Black Media, los cuales otorgaron a cada ganador mil d\u00f3lares en efectivo.\u00a0<\/p>\n\n\n\n<p>En su momento, Regina Brown Wilson, directora ejecutiva de California Black Media, agradeci\u00f3 a todos los periodistas, reporteros, editores, fot\u00f3grafos y editores que trabajan muchas horas sin reconocimiento todos los d\u00edas.&nbsp;<\/p>\n\n\n\n<p>Reconoci\u00f3 a todos aquellos que \u00abest\u00e1n comprometidos a cubrir y contar historias que no se reportan y que de otra manera nunca escuchar\u00edamos\u00bb.<\/p>\n\n\n\n<p>En sus discursos de aceptaci\u00f3n, los premiados reconocieron el apoyo de sus editores, y de sus familias, y coincidieron en los desaf\u00edos de cubrir comunidades \u00e9tnicas impactadas desproporcionadamente por COVID-19, pol\u00edticas racistas y por cr\u00edmenes de odio.<\/p>\n\n\n\n<p>En la clausura de la ceremonia, Sandy Close, directora ejecutiva de Ethnic Media Services, dijo que la reuni\u00f3n de reporteros de tantos grupos raciales y \u00e9tnicos para celebrar tanto el trabajo propio como el de los dem\u00e1s fue la verdadera lecci\u00f3n de la noche.&nbsp;<\/p>\n\n\n\n<p>\u00abLos medios \u00e9tnicos se pueden contar con los dedos en una mano\u00bb, dijo Close, citando a Chauncey Bailey, un veterano de los medios negros asesinado en 2007 por investigar irregularidades en su propia comunidad. \u00abCuando trabajamos juntos, somos un pu\u00f1o\u00bb.<\/p>\n\n\n\n<p>\u00abLos retos son inmensos, pero, como lo dijo el gobernador Newsom, somos m\u00e1s necesarios que nunca\u00bb.<\/p>\n\n\n\n<figure class=\"wp-block-embed aligncenter is-type-video is-provider-youtube wp-block-embed-youtube wp-embed-aspect-16-9 wp-has-aspect-ratio\"><div class=\"wp-block-embed__wrapper\">\n<div class=\"youtube-embed\" data-video_id=\"G4wfRWzM5jI\"><iframe title=\"California Ethnic Media Awards 2020\" width=\"696\" height=\"392\" src=\"https:\/\/www.youtube.com\/embed\/G4wfRWzM5jI?feature=oembed&#038;enablejsapi=1\" frameborder=\"0\" allow=\"accelerometer; autoplay; clipboard-write; encrypted-media; gyroscope; picture-in-picture\" allowfullscreen><\/iframe><\/div>\n<\/div><\/figure>\n\n\n\n<p><em>Te puede interesar: <a href=\"https:\/\/peninsula360press.com\/equidad-clave-en-sanacion-tras-pandemia-por-covid-19-expertos\/\" target=\"_blank\" rel=\"noreferrer noopener\">Equidad, clave en sanaci\u00f3n tras pandemia por COVID-19: Expertos<\/a><\/em><\/p>\n","protected":false},"excerpt":{"rendered":"<p>Por Pamela Cruz \u00abLos medios \u00e9tnicos se han convertido r\u00e1pidamente en un puente cada vez m\u00e1s indispensable para comunicarse con diversas poblaciones dentro de nuestro estado\u00bb, dijo el gobernador Gavin Newsom, durante la ceremonia de apertura del California Ethnic Media Awards. Los premios buscan honrar a todos aquellos periodistas que desde sus trincheras llevan informaci\u00f3n [&hellip;]<\/p>\n","protected":false},"author":4,"featured_media":5977,"comment_status":"open","ping_status":"open","sticky":false,"template":"","format":"standard","meta":{"footnotes":""},"categories":[14,11,7,2],"tags":[],"class_list":{"0":"post-5970","1":"post","2":"type-post","3":"status-publish","4":"format-standard","5":"has-post-thumbnail","7":"category-cover","8":"category-culture","9":"category-events","10":"category-peninsula"},"_links":{"self":[{"href":"https:\/\/peninsula360press.com\/es_mx\/wp-json\/wp\/v2\/posts\/5970","targetHints":{"allow":["GET"]}}],"collection":[{"href":"https:\/\/peninsula360press.com\/es_mx\/wp-json\/wp\/v2\/posts"}],"about":[{"href":"https:\/\/peninsula360press.com\/es_mx\/wp-json\/wp\/v2\/types\/post"}],"author":[{"embeddable":true,"href":"https:\/\/peninsula360press.com\/es_mx\/wp-json\/wp\/v2\/users\/4"}],"replies":[{"embeddable":true,"href":"https:\/\/peninsula360press.com\/es_mx\/wp-json\/wp\/v2\/comments?post=5970"}],"version-history":[{"count":4,"href":"https:\/\/peninsula360press.com\/es_mx\/wp-json\/wp\/v2\/posts\/5970\/revisions"}],"predecessor-version":[{"id":5980,"href":"https:\/\/peninsula360press.com\/es_mx\/wp-json\/wp\/v2\/posts\/5970\/revisions\/5980"}],"wp:featuredmedia":[{"embeddable":true,"href":"https:\/\/peninsula360press.com\/es_mx\/wp-json\/wp\/v2\/media\/5977"}],"wp:attachment":[{"href":"https:\/\/peninsula360press.com\/es_mx\/wp-json\/wp\/v2\/media?parent=5970"}],"wp:term":[{"taxonomy":"category","embeddable":true,"href":"https:\/\/peninsula360press.com\/es_mx\/wp-json\/wp\/v2\/categories?post=5970"},{"taxonomy":"post_tag","embeddable":true,"href":"https:\/\/peninsula360press.com\/es_mx\/wp-json\/wp\/v2\/tags?post=5970"}],"curies":[{"name":"wp","href":"https:\/\/api.w.org\/{rel}","templated":true}]}}