{"id":5981,"date":"2021-06-05T15:39:14","date_gmt":"2021-06-05T23:39:14","guid":{"rendered":"https:\/\/peninsula360press.com\/?p=5981"},"modified":"2021-06-05T15:39:19","modified_gmt":"2021-06-05T23:39:19","slug":"premios-en-california-celebran-lo-mejor-del-periodismo-etnico-en-la-cobertura-del-epico-2020","status":"publish","type":"post","link":"https:\/\/peninsula360press.com\/es_mx\/premios-en-california-celebran-lo-mejor-del-periodismo-etnico-en-la-cobertura-del-epico-2020\/","title":{"rendered":"Premios en California celebran lo mejor del periodismo \u00e9tnico en la cobertura del \u00e9pico 2020"},"content":{"rendered":"\n<figure class=\"wp-block-embed is-type-video is-provider-youtube wp-block-embed-youtube wp-embed-aspect-16-9 wp-has-aspect-ratio\"><div class=\"wp-block-embed__wrapper\">\n<iframe title=\"California Ethnic Media Awards 2020\" width=\"696\" height=\"392\" src=\"https:\/\/www.youtube.com\/embed\/G4wfRWzM5jI?feature=oembed\" frameborder=\"0\" allow=\"accelerometer; autoplay; clipboard-write; encrypted-media; gyroscope; picture-in-picture\" allowfullscreen><\/iframe>\n<\/div><\/figure>\n\n\n\n<figure class=\"wp-block-image\"><img decoding=\"async\" src=\"https:\/\/secureservercdn.net\/104.238.68.196\/99t.7da.myftpupload.com\/wp-content\/uploads\/2021\/06\/Screenshot-59.png\" alt=\"\" class=\"wp-image-7537\" title=\"Screenshot (59)\"\/><\/figure>\n\n\n\n<p><em>California Governor Gavin Newsom opened the California Ethnic Media Awards on Thursday, June 3, with a special tribute to the sector for covering the epic news stories of 2020<\/em><\/p>\n\n\n\n<p><strong>Por: Jenny Manrique<\/strong><\/p>\n\n\n\n<p>20 periodistas de medios \u00e9tnicos fueron premiados por su cobertura de los acontecimientos m\u00e1s \u00e9picos de 2020, desde COVID-19 y la recesi\u00f3n econ\u00f3mica hasta el movimiento por la justicia racial y la reforma migratoria, en una ceremonia virtual de los Premios de Medios \u00c9tnicos de California que tuvo lugar este jueves en la noche.<\/p>\n\n\n\n<p>Entre 235 postulaciones de reporteros que trabajan en plataformas impresas, digitales, de TV y radio en ocho idiomas, los ganadores fueron escogidos en nueve categor\u00edas por un jurado con fluidez ling\u00fc\u00edstica y cultural, conocedor de los desaf\u00edos de trabajar en el sector.<\/p>\n\n\n\n<p>\u201cLos medios \u00e9tnicos se han convertido r\u00e1pidamente en un puente cada vez m\u00e1s indispensable para comunicarse con poblaciones diversas dentro de nuestro estado\u201d, dijo el gobernador Gavin Newsom en la apertura de la ceremonia.<\/p>\n\n\n\n<p>\u201cUstedes han trabajado contra todo pron\u00f3stico para asegurarnos de que nuestras comunidades estuvieran informadas sobre los eventos noticiosos hist\u00f3ricos del a\u00f1o\u2026 Han sido clave para mantener una infraestructura de comunicaciones inclusiva que une a nuestras comunidades cuando tantas fuerzas, como bien saben, amenazan con separarnos\u201d, agreg\u00f3 el gobernador.<\/p>\n\n\n\n<p>Los premios multiling\u00fces fueron patrocinados por Ethnic Media Services y California Black Media y otorgaran a cada ganador $1000 en efectivo. En las nueve categor\u00edas se premio la cobertura del censo 2020, la pandemia de COVID-19 y su impacto desproporcionado en las comunidades \u00e9tnicas, la crisis econ\u00f3mica que exacerb\u00f3 las fallas raciales y econ\u00f3micas en California, los derechos de los inmigrantes, y el movimiento por la justicia racial provocado por el asesinato de George Floyd.<\/p>\n\n\n\n<p>Tambi\u00e9n se reconocieron los informes excepcionales sobre el impacto del cambio clim\u00e1tico, las elecciones de 2020, los editoriales que sirvieron como un llamado a la acci\u00f3n para las audiencias \u00e9tnicas y la innovaci\u00f3n y resiliencia de medios comunitarios para sobrevivir a la pandemia.<\/p>\n\n\n\n<p>\u201cGracias a todos los periodistas, reporteros, editores y fot\u00f3grafos que trabajan muchas horas sin reconocimiento todos los d\u00edas, est\u00e1n comprometidos a contar historias y a cubrir historias no reportadas que de otra manera nunca escuchar\u00edamos\u201d, dijo Regina Brown Wilson, directora ejecutiva de California Black Media.<\/p>\n\n\n\n<p>En sus discursos de aceptaci\u00f3n, los premiados reconocieron el apoyo de sus editores y familias, al igual que los desaf\u00edos de cubrir a comunidades \u00e9tnicas impactadas desproporcionadamente por la COVID-19, pol\u00edticas racistas y cr\u00edmenes de odio.<\/p>\n\n\n\n<p>\u201cLas palabras pueden ser mortales, o pueden reafirmar la vida. Mientras la \u00e9lite intelectual ociosa se esfuerza por cancelar la cultura, nosotros tenemos la tarea de quitarle la rodilla de la garganta a la verdad y reafirmar y definir el periodismo a nuestra propia imagen\u201d, dijo Rose Davis de Indian Voices, premiada por su hist\u00f3rico ensayo \u201cEl censo y el cuarto poder\u201d, que aboga por la participaci\u00f3n de los nativos americanos en el censo a pesar de su maltrato durante siglos.<\/p>\n\n\n\n<p>Danny Morrison ganador en la categor\u00eda de televisi\u00f3n en ingl\u00e9s por su an\u00e1lisis del movimiento Black Lives Matter en Bakersfield dijo que \u201ccomo afroamericano viviendo en el centro de California siempre supe que tenemos mucho trabajo por hacer respecto a las inequidades dentro de nuestra raza\u2026 Es la raz\u00f3n por la que mi equipo y yo fuimos a prisiones, escuelas, iglesias, grupos de j\u00f3venes y m\u00e1s para hablar con los desatendidos y los olvidados porque entendemos la lucha que en la mayor\u00eda de los casos hemos vivido\u201d.<\/p>\n\n\n\n<p>A su turno Jorge Macias, premiado por su cobertura digital del cambio clim\u00e1tico para Univision record\u00f3 como en los \u00faltimos cuatro a\u00f1os \u201ctodos sufrimos por la negaci\u00f3n del cambio clim\u00e1tico, e incluso en los momentos de terror en California con estos incendios devastadores, el expresidente (Donald) Trump aseguraba que la ciencia no sabia nada\u2026 Este premio significa mucho porque como seres humanos tenemos que batallar con esa mirada absurda del cambio clim\u00e1tico\u201d.<\/p>\n\n\n\n<p>Tony Lai, de Khmer TV, quien escribe poemas en lugar de editoriales para persuadir a su audiencia de que se vacune, observ\u00f3 que en una conversaci\u00f3n normal las palabras viajan por un o\u00eddo y salen por el otro, mientras que la poes\u00eda \u201cpuede contar una historia que no solo resuena en la mente, sino que tambi\u00e9n les hace querer escucharla una y otra vez\u201d.<\/p>\n\n\n\n<p>Vansh Gupta de Siliconeer, el primer diario digital del sur de Asia procedente de Silicon Valley, destac\u00f3 la responsabilidad de los medios de comunicaci\u00f3n de \u201cempoderar y alentar a la pr\u00f3xima generaci\u00f3n\u201d, mientras se dedica a mantener su empresa familiar. \u201cNos esforzamos por darles esa voz\u201d.<\/p>\n\n\n\n<p>Kiyoon Kim, de la estaci\u00f3n coreana YTV American, gan\u00f3 su premio por la cobertura de la participaci\u00f3n de los coreanos estadounidenses en el movimiento Black Lives Matter en Los \u00c1ngeles. El reportero mencion\u00f3 lo impactante que ha sido para \u00e9l despu\u00e9s de estar solo dos a\u00f1os en los Estados Unidos ver c\u00f3mo \u201clos manifestantes multi\u00e9tnicos estaban todos unidos bajo el lema de \u2018sin paz no hay justicia\u2019. Nunca he experimentado eso en mi pa\u00eds de origen\u201d.<\/p>\n\n\n\n<p>Las anfitrionas de la noche fueron Odette Alcazaren-Keeley y Pilar Marrero, ambas distinguidas veteranas del sector de los medios \u00e9tnicos. Unos 20 funcionarios electos, l\u00edderes comunitarios, acad\u00e9micos y escritores rindieron homenaje al sector en discursos grabados en video. Sandip Roy, que una vez fue ingeniero de software en Silicon Valley y ahora es un autor y periodista galardonado en la India, dijo que si no fuera porque los medios \u00e9tnicos le dieron una plataforma, no ser\u00eda un escritor hoy.<\/p>\n\n\n\n<p>Despu\u00e9s de entregar premios a reporteros chinos, coreanos y vietnamitas por historias sobre temas que impactan a las comunidades negras y latinx, Alcazaren-Keeley anunci\u00f3 un premio especial para reportajes transculturales. La ganadora, Jeanne Ferris de News from Native California, document\u00f3 c\u00f3mo los destinos de dos pueblos convergieron cuando los estadounidenses de origen japon\u00e9s fueron encarcelados en la Segunda Guerra Mundial en tierras de reserva.<\/p>\n\n\n\n<p>Al cierre de la ceremonia, Sandy Close, directora ejecutiva de Ethnic Media Services dijo que la reuni\u00f3n de reporteros de tantos grupos raciales y \u00e9tnicos para celebrar no solo el trabajo de ellos, sino el de los dem\u00e1s, fue el verdadero regalo de la noche. \u201cLos medios \u00e9tnicos son como dedos en una mano\u201d, dijo, citando a Chauncey Bailey, un veterano de los medios negros asesinado en 2007 por investigar actos indebidos en su propia comunidad. \u201cCuando trabajamos juntos, somos un pu\u00f1o\u201d.<\/p>\n","protected":false},"excerpt":{"rendered":"<p>California Governor Gavin Newsom opened the California Ethnic Media Awards on Thursday, June 3, with a special tribute to the sector for covering the epic news stories of 2020 Por: Jenny Manrique 20 periodistas de medios \u00e9tnicos fueron premiados por su cobertura de los acontecimientos m\u00e1s \u00e9picos de 2020, desde COVID-19 y la recesi\u00f3n econ\u00f3mica [&hellip;]<\/p>\n","protected":false},"author":4,"featured_media":5977,"comment_status":"open","ping_status":"open","sticky":false,"template":"","format":"standard","meta":{"footnotes":""},"categories":[14,8],"tags":[],"class_list":{"0":"post-5981","1":"post","2":"type-post","3":"status-publish","4":"format-standard","5":"has-post-thumbnail","7":"category-cover","8":"category-usworld"},"_links":{"self":[{"href":"https:\/\/peninsula360press.com\/es_mx\/wp-json\/wp\/v2\/posts\/5981","targetHints":{"allow":["GET"]}}],"collection":[{"href":"https:\/\/peninsula360press.com\/es_mx\/wp-json\/wp\/v2\/posts"}],"about":[{"href":"https:\/\/peninsula360press.com\/es_mx\/wp-json\/wp\/v2\/types\/post"}],"author":[{"embeddable":true,"href":"https:\/\/peninsula360press.com\/es_mx\/wp-json\/wp\/v2\/users\/4"}],"replies":[{"embeddable":true,"href":"https:\/\/peninsula360press.com\/es_mx\/wp-json\/wp\/v2\/comments?post=5981"}],"version-history":[{"count":1,"href":"https:\/\/peninsula360press.com\/es_mx\/wp-json\/wp\/v2\/posts\/5981\/revisions"}],"predecessor-version":[{"id":5984,"href":"https:\/\/peninsula360press.com\/es_mx\/wp-json\/wp\/v2\/posts\/5981\/revisions\/5984"}],"wp:featuredmedia":[{"embeddable":true,"href":"https:\/\/peninsula360press.com\/es_mx\/wp-json\/wp\/v2\/media\/5977"}],"wp:attachment":[{"href":"https:\/\/peninsula360press.com\/es_mx\/wp-json\/wp\/v2\/media?parent=5981"}],"wp:term":[{"taxonomy":"category","embeddable":true,"href":"https:\/\/peninsula360press.com\/es_mx\/wp-json\/wp\/v2\/categories?post=5981"},{"taxonomy":"post_tag","embeddable":true,"href":"https:\/\/peninsula360press.com\/es_mx\/wp-json\/wp\/v2\/tags?post=5981"}],"curies":[{"name":"wp","href":"https:\/\/api.w.org\/{rel}","templated":true}]}}