{"id":6120,"date":"2021-06-29T12:19:44","date_gmt":"2021-06-29T20:19:44","guid":{"rendered":"https:\/\/peninsula360press.com\/?p=6120"},"modified":"2021-06-29T12:38:12","modified_gmt":"2021-06-29T20:38:12","slug":"incierto-el-futuro-de-la-pulga-de-san-jose","status":"publish","type":"post","link":"https:\/\/peninsula360press.com\/es_mx\/incierto-el-futuro-de-la-pulga-de-san-jose\/","title":{"rendered":"Incierto el futuro de La Pulga de San Jos\u00e9"},"content":{"rendered":"\n<div class=\"wp-block-image\"><figure class=\"aligncenter is-resized\"><img fetchpriority=\"high\" decoding=\"async\" src=\"https:\/\/lh6.googleusercontent.com\/WlWkN0iDALk46j_k-KkdXuD3EYc3c3Aq43xY7ROrCQVQ07pXVV6ny0e0HJ01MOVuuOvImLy8E_8SC6pQp86-IIK-9NGrQqIW4-txw5rmOeVZcYf53vSK_2-p7oLACG9DCZMWpsM\" alt=\"A picture containing person\n\nDescription automatically generated\" width=\"593\" height=\"323\"\/><\/figure><\/div>\n\n\n\n<h5 class=\"wp-block-heading\">Por Ignacio Dominguez. Pen\u00ednsula 360 Press [P360P]<\/h5>\n\n\n\n<p>Por m\u00e1s de 60 a\u00f1os,&nbsp; La Pulga de Berryessa en San Jos\u00e9 se ha convertido en un lugar emblem\u00e1tico para la comunidad Hispana de toda el \u00c1rea de la Bah\u00eda. La ubicaci\u00f3n alberga a m\u00e1s de 400 comerciantes migrantes de origen latino y asi\u00e1tico para quienes su \u00fanica fuente de ingreso es su local.&nbsp;<\/p>\n\n\n\n<p>Pero ahora se enfrenta a un futuro incierto despu\u00e9s de que el Concejo Municipal de San Jos\u00e9 present\u00f3 un plan de urbanizaci\u00f3n que se debati\u00f3 durante la \u00faltima junta del martes 22 de junio y que continu\u00f3 hacia el d\u00eda siguiente.&nbsp;<\/p>\n\n\n\n<p>El plan Berryessa BART Urban Village, aprobado por el Concejo, utilizar\u00eda 61.5 acres sobre la calle Berryessa para un proyecto de desarrollo de un espacio comercial y 3,450 viviendas en el cual dejar\u00eda 5 acres disponibles para La Pulga, es decir, un tercio de la ubicaci\u00f3n por lo que dejar\u00eda a cientos de comerciantes sin espacio en este nuevo proyecto.&nbsp;<\/p>\n\n\n\n<p>Roberto Gonz\u00e1lez, presidente de la Asociaci\u00f3n de Vendedores de La Pulga de San Jos\u00e9, junto a otros comerciantes y activistas, protestaron contra el proyecto con marchas y huelgas de hambre con el objetivo de poder llegar a un acuerdo con los propietarios y con las autoridades de la ciudad.&nbsp;<\/p>\n\n\n\n<div class=\"wp-block-image\"><figure class=\"aligncenter is-resized\"><img decoding=\"async\" src=\"https:\/\/lh5.googleusercontent.com\/e_Dighi33s6WhF5Mnw-WyyKm5zB1MJlTiPAknK58_ZudWw90_6Eg9KtF3eEMklrm3Zd8HlCOQqrG7wRZeA_-Hg7SbnPoNoLUePFddyEWl9oQ8dUnFm0DLrP1spGTLguftbvFUkg\" alt=\"A picture containing person\n\nDescription automatically generated\" width=\"570\" height=\"317\"\/><\/figure><\/div>\n\n\n\n<p>Los propietarios de la ubicaci\u00f3n de La Pulga, la familia Bumb, prometieron notificar un a\u00f1o antes de la fecha de desalojo, y la creaci\u00f3n de un fondo de apoyo por m\u00e1s de 2.5 millones de d\u00f3lares para m\u00e1s de 400 comerciantes. Si el proyecto pasara, La Asociaci\u00f3n de Vendedores de La Pulga de San Jos\u00e9, pedir\u00eda a la familia Bumb un contrato por cinco a\u00f1os m\u00e1s un fondo de $28 millones de d\u00f3lares.<\/p>\n\n\n\n<div class=\"wp-block-image\"><figure class=\"aligncenter is-resized\"><img decoding=\"async\" src=\"https:\/\/lh6.googleusercontent.com\/XN8DaSsz2u0Hr7thgfU9b0lYl9X-p_b6ly2haq0dNXX2PYlUCq3MNbGNGHw_u9Fusuatr9sf6ZUVZkyNLrHLbPpmG6HH-rPT5OMRpBcyZgmmOC133ZzmlLjetnDgZQO3jKtcx5w\" alt=\"A picture containing text, sky, outdoor, station\n\nDescription automatically generated\" width=\"589\" height=\"324\"\/><\/figure><\/div>\n\n\n\n<p>En la junta del martes pasado se esperaba una votaci\u00f3n pero se pospuso para la siguiente semana en un voto de 6-5, ya que el Concejo no pudo llegar a un acuerdo.&nbsp;<\/p>\n\n\n\n<p>Con ese tiempo que queda hasta la pr\u00f3xima junta, Roberto Gonz\u00e1lez explic\u00f3: \u201cTenemos mucha esperanza en que estas acciones que tomamos y&nbsp; el respaldo de la comunidad, que agradecemos del fondo de nuestro coraz\u00f3n, vamos a seguir ejerciendo presi\u00f3n para llegar a un acuerdo beneficioso para todos.\u201d&nbsp;<\/p>\n\n\n\n<p>Para comerciantes como Humberto Ramos due\u00f1o de \u201cLa Sonrisa de Cheque\u201d que lleva 4 a\u00f1os en La Pulga es inexplicable c\u00f3mo pueden deshacer algo tan r\u00e1pido.<\/p>\n\n\n\n<blockquote class=\"wp-block-quote is-layout-flow wp-block-quote-is-layout-flow\"><p> \u201cEspero que lleguen a una situaci\u00f3n que se nos facilite y entiendan que esta es una herencia hispana. Este mercado tiene m\u00e1s de 30-40 a\u00f1os.\u201d<\/p><cite>Humberto Ramos, due\u00f1o de \u201cLa Sonrisa de Cheque\u201d.<\/cite><\/blockquote>\n\n\n\n<p>Este lunes a partir de las 5:30 de la tarde la Asociaci\u00f3n de Vendedores de La Pulga de San Jos\u00e9 tendr\u00e1 un evento comunitario para apoyar su futuro. El martes se llevar\u00e1 a cabo la junta con el Concejo Municipal de San Jos\u00e9 en donde no habr\u00e1 presencia de p\u00fablico.<\/p>\n\n\n\n<p>\u201cTodos estaremos atentos a esa votaci\u00f3n. Su responsabilidad es la gente del pueblo y no las corporaciones o desarrolladores,\u201d dijo Roberto Gonz\u00e1lez, Presidente de la Asociaci\u00f3n de Vendedores de La Pulga de San Jos\u00e9.<\/p>\n\n\n\n<p>Para m\u00e1s informaci\u00f3n, puedes hacer <a href=\"https:\/\/www.instagram.com\/b.fv.a\/\" target=\"_blank\" rel=\"noreferrer noopener\">click aqu\u00ed<\/a>.<\/p>\n","protected":false},"excerpt":{"rendered":"<p>Por Ignacio Dominguez. Pen\u00ednsula 360 Press [P360P] Por m\u00e1s de 60 a\u00f1os,&nbsp; La Pulga de Berryessa en San Jos\u00e9 se ha convertido en un lugar emblem\u00e1tico para la comunidad Hispana de toda el \u00c1rea de la Bah\u00eda. La ubicaci\u00f3n alberga a m\u00e1s de 400 comerciantes migrantes de origen latino y asi\u00e1tico para quienes su \u00fanica [&hellip;]<\/p>\n","protected":false},"author":4,"featured_media":6121,"comment_status":"open","ping_status":"open","sticky":false,"template":"","format":"standard","meta":{"footnotes":""},"categories":[14,9,2],"tags":[],"class_list":{"0":"post-6120","1":"post","2":"type-post","3":"status-publish","4":"format-standard","5":"has-post-thumbnail","7":"category-cover","8":"category-community","9":"category-peninsula"},"_links":{"self":[{"href":"https:\/\/peninsula360press.com\/es_mx\/wp-json\/wp\/v2\/posts\/6120","targetHints":{"allow":["GET"]}}],"collection":[{"href":"https:\/\/peninsula360press.com\/es_mx\/wp-json\/wp\/v2\/posts"}],"about":[{"href":"https:\/\/peninsula360press.com\/es_mx\/wp-json\/wp\/v2\/types\/post"}],"author":[{"embeddable":true,"href":"https:\/\/peninsula360press.com\/es_mx\/wp-json\/wp\/v2\/users\/4"}],"replies":[{"embeddable":true,"href":"https:\/\/peninsula360press.com\/es_mx\/wp-json\/wp\/v2\/comments?post=6120"}],"version-history":[{"count":2,"href":"https:\/\/peninsula360press.com\/es_mx\/wp-json\/wp\/v2\/posts\/6120\/revisions"}],"predecessor-version":[{"id":6124,"href":"https:\/\/peninsula360press.com\/es_mx\/wp-json\/wp\/v2\/posts\/6120\/revisions\/6124"}],"wp:featuredmedia":[{"embeddable":true,"href":"https:\/\/peninsula360press.com\/es_mx\/wp-json\/wp\/v2\/media\/6121"}],"wp:attachment":[{"href":"https:\/\/peninsula360press.com\/es_mx\/wp-json\/wp\/v2\/media?parent=6120"}],"wp:term":[{"taxonomy":"category","embeddable":true,"href":"https:\/\/peninsula360press.com\/es_mx\/wp-json\/wp\/v2\/categories?post=6120"},{"taxonomy":"post_tag","embeddable":true,"href":"https:\/\/peninsula360press.com\/es_mx\/wp-json\/wp\/v2\/tags?post=6120"}],"curies":[{"name":"wp","href":"https:\/\/api.w.org\/{rel}","templated":true}]}}