{"id":6457,"date":"2021-07-19T14:49:34","date_gmt":"2021-07-19T22:49:34","guid":{"rendered":"https:\/\/peninsula360press.com\/?p=6457"},"modified":"2021-10-04T12:18:58","modified_gmt":"2021-10-04T19:18:58","slug":"resumen-semanal-del-12-al-19-de-julio-de-2021","status":"publish","type":"post","link":"https:\/\/peninsula360press.com\/es_mx\/resumen-semanal-del-12-al-19-de-julio-de-2021\/","title":{"rendered":"Resumen Semanal del 12 al 19 de julio de 2021"},"content":{"rendered":"\n<figure class=\"wp-block-image size-large\"><img fetchpriority=\"high\" decoding=\"async\" width=\"1024\" height=\"576\" src=\"https:\/\/peninsula360press.com\/wp-content\/uploads\/2021\/07\/Sin-titulo-191.001-1024x576.jpeg\" alt=\"\" class=\"wp-image-6470\" srcset=\"https:\/\/peninsula360press.com\/wp-content\/uploads\/2021\/07\/Sin-titulo-191.001-1024x576.jpeg 1024w, https:\/\/peninsula360press.com\/wp-content\/uploads\/2021\/07\/Sin-titulo-191.001-300x169.jpeg 300w, https:\/\/peninsula360press.com\/wp-content\/uploads\/2021\/07\/Sin-titulo-191.001-768x432.jpeg 768w, https:\/\/peninsula360press.com\/wp-content\/uploads\/2021\/07\/Sin-titulo-191.001-16x9.jpeg 16w, https:\/\/peninsula360press.com\/wp-content\/uploads\/2021\/07\/Sin-titulo-191.001-150x84.jpeg 150w, https:\/\/peninsula360press.com\/wp-content\/uploads\/2021\/07\/Sin-titulo-191.001-696x392.jpeg 696w, https:\/\/peninsula360press.com\/wp-content\/uploads\/2021\/07\/Sin-titulo-191.001-1068x601.jpeg 1068w\" sizes=\"(max-width: 1024px) 100vw, 1024px\" \/><\/figure>\n\n\n\n<p><strong>Cristian Carlos. Pen\u00ednsula 360 Press [P360P]. <\/strong><\/p>\n\n\n\n<p>Esta semana, en diferentes puntos del pa\u00eds, ha llamado a la poblaci\u00f3n a vigilar su bienestar debido a dos factores importantes: <a href=\"https:\/\/peninsula360press.com\/category\/covid19\/\">la pandemia por COVID-19<\/a>, y <a href=\"https:\/\/peninsula360press.com\/a-prepararse-ante-posibles-incendios-en-san-mateo\/\">el clima seco que prevalece en el estado de California<\/a>; en <a href=\"https:\/\/peninsula360press.com\/vacunarse-o-no-cuando-el-amor-es-mas-grande-que-el-miedo\/\">\u00ab\u00bfVacunarse o no? Cuando el amor es m\u00e1s grande que el miedo\u00bb<\/a>, de Pamela Cruz, podemos leer el testimonio de Elvira Col\u00edn, inmigrante mexicana que vive en Chicago: \u00abLa vacuna sirve, ayuda y te permite avanzar\u00bb, declara Elvira. \u00abVacunarse es de chingones\u00bb.<\/p>\n\n\n\n<p>Por otro lado, tambi\u00e9n en California, el adverso clima seco y las altas temperaturas dan paso a nuevas temporadas de incendios. Autoridades locales llamaron a estar preparados ante emergencias por posibles incendios en \u00e1reas de la bah\u00eda, como el condado de San Mateo, durante los pr\u00f3ximos d\u00edas. <a href=\"https:\/\/peninsula360press.com\/a-prepararse-ante-posibles-incendios-en-san-mateo\/\">Te invitamos a leer las recomendaciones en la nota<\/a>.<\/p>\n\n\n\n<p>Y es que, con el aumento de casos de contagio activos de COVID-19 en el condado de San Mateo y otras partes del estado de California, <a href=\"https:\/\/peninsula360press.com\/regresan-mascarillas-al-condado-de-san-mateo\/\">se ha vuelto a imponer el uso de cubrebocas en concurrencias en lugares cerrados<\/a>, esto ante el repunte de casos provocados por lo que se cree, tiene su origen en la agresividad de la variante Delta del SARS-CoV-2 que, est\u00e1 afectando a personas vacunadas y no vacunadas. Los detalles del aviso que se dio a conocer a trav\u00e9s de Pen\u00ednsula 360 Press, tambi\u00e9n incluye a los condados de Alameda, Contra Costa, Marin, San Francisco, Santa Clara, Sonoma y la ciudad de Berkeley.<\/p>\n\n\n\n<p><a href=\"https:\/\/peninsula360press.com\/aumentan-delitos-con-armas-de-fuego-en-san-francisco\/\">Aumentan delitos por arma de fuego en San Francisco:<\/a> Las estad\u00edsticas de delitos de mediados de a\u00f1o mostraron que, durante los primeros seis meses de 2021, la violencia con armas de fuego y los homicidios han aumentado en San Francisco, al pasar de 22 en el mismo periodo de 2020 a 26 en este primer semestre, anunciaron la alcaldesa de San Francisco, London Breed, y el jefe de polic\u00eda Bill Scott. En dicho informe, se elevan las cifras de robo con violencia y las de agresiones. Y a pesar de que la violaci\u00f3n es un delito que merece toda la atenci\u00f3n hacia sus v\u00edctimas, ha presentado una leve disminuci\u00f3n respecto a a\u00f1os anteriores.<\/p>\n\n\n\n<p>Lamentablemente, el 16 de julio <a href=\"https:\/\/peninsula360press.com\/medico-mexicano-se-une-a-busqueda-de-philip-kreycik\/\">dimos a conocer los trabajos independientes de b\u00fasqueda de Philip Kreycik<\/a>; esta vez, acompa\u00f1ados de Gustavo Bernal, que comparti\u00f3 con Pen\u00ednsula 360 Press la estrategia de b\u00fasqueda y la posible teor\u00eda de lo que pudo pasar a Kreycik la ma\u00f1ana del 10 de julio cuando sali\u00f3 de su hogar hacia las colinas de Pleasanton en su rutina de monta\u00f1ismo. \u00abUn grupo de compa\u00f1eros nos encontramos hoy buscando las \u00e1reas en la que se especula que Philip pudiera estar\u00bb, declar\u00f3 Bernal. \u00abSus padres, sus hijos y sus amigos queremos verlo de nuevo en casa\u00bb.&nbsp;<\/p>\n\n\n\n<p>En <a href=\"https:\/\/peninsula360press.com\/colombia\/%20\">Colombia 360<\/a>, un espacio de Pen\u00ednsula 360 Press dedicado a dar seguimiento a las v\u00edctimas de agresiones de parte de fuerzas armadas en Colombia durante el Paro Nacional, <a href=\"https:\/\/peninsula360press.com\/en-colombia-jovenes-son-asesinados-por-sus-ideales-pero-sus-suenos-no-mueren\/\">Yor PL refiri\u00f3<\/a> que en las marchas existen diferentes l\u00edneas listas para combatir la represi\u00f3n.&nbsp;Yor asegura que en Colombia se est\u00e1 viviendo una etapa de represi\u00f3n social donde los polic\u00edas son odiados por muchos de la comunidad. Te invitamos, por supuesto a leer la nota, o si lo prefieres, ver el video que est\u00e1 disponible en nuestro canal de YouTube.<\/p>\n\n\n\n<p>Adem\u00e1s, el soci\u00f3logo Manuel Ortiz <a href=\"https:\/\/peninsula360press.com\/podcast-represion-de-jovenes-en-colombia\/\">nos platica en el podcast de esta semana<\/a> sobre su viaje a Colombia para conocer, de primera mano, a las v\u00edctimas de desapariciones forzadas, represi\u00f3n hacia manifestantes \u2013resultantes en heridas en el rostro\u2013 y sobre todo, conocer a los padres y madres de familia que han sufrido la p\u00e9rdida de sus hijos por ejecuci\u00f3n a manos de la fuerza p\u00fablica \u2013Polic\u00eda Nacional y el Esmad\u2013. En ese mismo sentido, el abogado y coordinador de Primera L\u00ednea Jur\u00eddica, Rub\u00e9n Dar\u00edo, se\u00f1al\u00f3 que el constante estado de guerra en el que se ve involucrado el gobierno de Colombia, da paso a la justificaci\u00f3n de actos arbitrarios contra su sociedad. Te invitamos a escuchar el programa a trav\u00e9s de Spotify o Apple Podcasts.<\/p>\n","protected":false},"excerpt":{"rendered":"<p>Cristian Carlos. Pen\u00ednsula 360 Press [P360P]. Esta semana, en diferentes puntos del pa\u00eds, ha llamado a la poblaci\u00f3n a vigilar su bienestar debido a dos factores importantes: la pandemia por COVID-19, y el clima seco que prevalece en el estado de California; en \u00ab\u00bfVacunarse o no? Cuando el amor es m\u00e1s grande que el miedo\u00bb, [&hellip;]<\/p>\n","protected":false},"author":4,"featured_media":6470,"comment_status":"open","ping_status":"open","sticky":false,"template":"","format":"standard","meta":{"footnotes":""},"categories":[295,14,170,8,297,2],"tags":[],"class_list":{"0":"post-6457","1":"post","2":"type-post","3":"status-publish","4":"format-standard","5":"has-post-thumbnail","7":"category-colombia","8":"category-cover","9":"category-covid19","10":"category-usworld","11":"category-latinoamerica","12":"category-peninsula"},"_links":{"self":[{"href":"https:\/\/peninsula360press.com\/es_mx\/wp-json\/wp\/v2\/posts\/6457","targetHints":{"allow":["GET"]}}],"collection":[{"href":"https:\/\/peninsula360press.com\/es_mx\/wp-json\/wp\/v2\/posts"}],"about":[{"href":"https:\/\/peninsula360press.com\/es_mx\/wp-json\/wp\/v2\/types\/post"}],"author":[{"embeddable":true,"href":"https:\/\/peninsula360press.com\/es_mx\/wp-json\/wp\/v2\/users\/4"}],"replies":[{"embeddable":true,"href":"https:\/\/peninsula360press.com\/es_mx\/wp-json\/wp\/v2\/comments?post=6457"}],"version-history":[{"count":3,"href":"https:\/\/peninsula360press.com\/es_mx\/wp-json\/wp\/v2\/posts\/6457\/revisions"}],"predecessor-version":[{"id":6471,"href":"https:\/\/peninsula360press.com\/es_mx\/wp-json\/wp\/v2\/posts\/6457\/revisions\/6471"}],"wp:featuredmedia":[{"embeddable":true,"href":"https:\/\/peninsula360press.com\/es_mx\/wp-json\/wp\/v2\/media\/6470"}],"wp:attachment":[{"href":"https:\/\/peninsula360press.com\/es_mx\/wp-json\/wp\/v2\/media?parent=6457"}],"wp:term":[{"taxonomy":"category","embeddable":true,"href":"https:\/\/peninsula360press.com\/es_mx\/wp-json\/wp\/v2\/categories?post=6457"},{"taxonomy":"post_tag","embeddable":true,"href":"https:\/\/peninsula360press.com\/es_mx\/wp-json\/wp\/v2\/tags?post=6457"}],"curies":[{"name":"wp","href":"https:\/\/api.w.org\/{rel}","templated":true}]}}