{"id":6938,"date":"2021-08-25T19:45:00","date_gmt":"2021-08-26T02:45:00","guid":{"rendered":"https:\/\/peninsula360press.com\/?p=6938"},"modified":"2021-08-25T19:43:24","modified_gmt":"2021-08-26T02:43:24","slug":"1953-el-ano-que-mexico-exilio-al-mambo","status":"publish","type":"post","link":"https:\/\/peninsula360press.com\/es_mx\/1953-el-ano-que-mexico-exilio-al-mambo\/","title":{"rendered":"1953: el a\u00f1o que M\u00e9xico exili\u00f3 al mambo"},"content":{"rendered":"\n<div class=\"wp-block-image\"><figure class=\"aligncenter size-full\"><img fetchpriority=\"high\" decoding=\"async\" width=\"600\" height=\"300\" src=\"https:\/\/peninsula360press.com\/wp-content\/uploads\/2021\/08\/Perez-Prado.jpg\" alt=\"En 1953 M\u00e9xico exili\u00f3 al Rey del Mambo, D\u00e1maso P\u00e9rez Prado.\" class=\"wp-image-6939\" srcset=\"https:\/\/peninsula360press.com\/wp-content\/uploads\/2021\/08\/Perez-Prado.jpg 600w, https:\/\/peninsula360press.com\/wp-content\/uploads\/2021\/08\/Perez-Prado-300x150.jpg 300w, https:\/\/peninsula360press.com\/wp-content\/uploads\/2021\/08\/Perez-Prado-16x8.jpg 16w, https:\/\/peninsula360press.com\/wp-content\/uploads\/2021\/08\/Perez-Prado-150x75.jpg 150w\" sizes=\"(max-width: 600px) 100vw, 600px\" \/><figcaption>Foto: <a href=\"https:\/\/www.fonotecanacional.gob.mx\/index.php\/agenda\/calendario-de-eventos\/exposiciones\/yo-soy-quien-el-rey-del-mambo\" target=\"_blank\" rel=\"noreferrer noopener\">Fonoteca Nacional de M\u00e9xico<\/a><\/figcaption><\/figure><\/div>\n\n\n\n<p>Creado a finales de la d\u00e9cada del 40 del siglo pasado por el maestro D\u00e1maso P\u00e9rez Prado, el mambo es parte de la esencia de M\u00e9xico y de innumerables pel\u00edculas del Cine de Oro nacional; sin embargo, el m\u00fasico de origen cubano fue expulsado de M\u00e9xico durante m\u00e1s de una d\u00e9cada.&nbsp;<\/p>\n\n\n\n<p>Tambi\u00e9n conocido como <em>Cara de foca, <\/em>P\u00e9rez Prado naci\u00f3 un 11 de diciembre en la provincia de Matanzas, en el occidente de Cuba, en 1917.&nbsp; Lleg\u00f3 a M\u00e9xico a finales de 1948, apenas con una maleta, debido a que sus arreglos no eran bien vistos entre quienes una d\u00e9cada m\u00e1s tarde concretar\u00edan la revoluci\u00f3n en su pa\u00eds de origen.<\/p>\n\n\n\n<p>Acogido por Nin\u00f3n Sevilla, el artista pudo concentrarse en su m\u00fasica,y&nbsp; fue as\u00ed que entre 1949 y 1953 grab\u00f3 algunos de sus mambos m\u00e1s famosos. \u201cEl respetable p\u00fablico lo consagr\u00f3 y lo disfrut\u00f3 en el cine, el teatro, los discos y los salones de baile\u201d, recuerda Iv\u00e1n Restrepo.<\/p>\n\n\n\n<p>Durante una conferencia ofrecida en 2018 para recordar los 100 a\u00f1os del \u201cRey del Mambo\u201d, explic\u00f3 que P\u00e9rez Prado ten\u00eda muchos enemigos debido a su \u00e9xito; incluso, \u201cal salir por vez primera de gira a EE. UU., algunas columnas de espect\u00e1culos lo despidieron para siempre augurando su fracaso\u201d.<\/p>\n\n\n\n<p>Aunque son variadas las versiones sobre su expulsi\u00f3n de M\u00e9xico, el 6 de octubre de 1953, una de ellas refiere que el <em>Cara de Foca <\/em>se involucr\u00f3 con la mujer de un expresidente, pero&nbsp; la versi\u00f3n que se extendi\u00f3 por muchos a\u00f1os fue que intent\u00f3 grabar el Himno Nacional de M\u00e9xico a ritmo de mambo.&nbsp;<\/p>\n\n\n\n<p>Nada de eso, dijo Restrepo: \u201cfue la venganza de un empresario que lo contrat\u00f3 para el teatro Margo, molesto porque acept\u00f3 un contrato con otro hombre de negocios que le pagaba mejor. Para vengarse, cont\u00f3 con la ayuda de funcionarios de Migraci\u00f3n\u201d.<\/p>\n\n\n\n<p>As\u00ed, en la grabaci\u00f3n del \u00faltimo n\u00famero musical de la pel\u00edcula <em>Cantando nace el amor, <\/em>dos agentes de Migraci\u00f3n le pidieron su permiso de trabajo. Como no lo ten\u00eda, les ofreci\u00f3 600 pesos para que lo dejaran siquiera terminar la grabaci\u00f3n del mambo <em>Alekumsalem <\/em>en la RCA.<\/p>\n\n\n\n<blockquote class=\"wp-block-quote is-layout-flow wp-block-quote-is-layout-flow\"><p>\u201cSali\u00f3 rumbo a La Habana, luego se dirigi\u00f3 a EE. UU., en donde inici\u00f3 una nueva etapa en su carrera musical. Su versi\u00f3n en ingl\u00e9s de <em>Cerezo rosa<\/em> estuvo por meses en el hit parade, anim\u00f3 bailes en un reconocido hotel de Nueva York y trabaj\u00f3 con grandes voces femeninas como Rosemary Clooney\u201d.<\/p><\/blockquote>\n\n\n\n<p>Restrepo tambi\u00e9n comparti\u00f3 que fue durante una comida en la casa de Mar\u00eda Victoria, cuando la actriz y cantante le solicit\u00f3 al entonces presidente Adolfo L\u00f3pez Mateos que le abriera de nuevo las puertas de M\u00e9xico a P\u00e9rez Prado.<\/p>\n\n\n\n<p>\u201cMar\u00eda Victoria le dijo al entonces presidente que su expulsi\u00f3n hab\u00eda sido una injusticia, pues su \u00fanico delito era haber hecho feliz a millones de mexicanos y latinoamericanos, y que el compositor ten\u00eda a\u00f1os deseando regresar a M\u00e9xico\u201d.<\/p>\n\n\n\n<p>Como por arte de magia, todos los delitos que le hab\u00edan sido atribuidos desaparecieron, por lo que el 31 de agosto de 1964 fue autorizado a regresar a M\u00e9xico, incluso con un contrato del empresario que hab\u00eda maquinado su expulsi\u00f3n.<\/p>\n\n\n\n<p>Tras una larga enfermedad, D\u00e1maso P\u00e9rez Prado falleci\u00f3 el 14 de septiembre de 1989 en la ciudad de M\u00e9xico, a los 73 a\u00f1os de edad, dejando tras de s\u00ed un gran legado musical que nunca dejar\u00e1 de sonar: \u00a1Maaambo!<\/p>\n\n\n\n<p><em>Te puede interesar: <a href=\"https:\/\/peninsula360press.com\/es_mx\/la-furia-de-clyo\/\">La Furia de Clyo<\/a><\/em><\/p>\n","protected":false},"excerpt":{"rendered":"<p>Creado a finales de la d\u00e9cada del 40 del siglo pasado por el maestro D\u00e1maso P\u00e9rez Prado, el mambo es parte de la esencia de M\u00e9xico y de innumerables pel\u00edculas del Cine de Oro nacional; sin embargo, el m\u00fasico de origen cubano fue expulsado de M\u00e9xico durante m\u00e1s de una d\u00e9cada.&nbsp; Tambi\u00e9n conocido como Cara [&hellip;]<\/p>\n","protected":false},"author":8,"featured_media":6939,"comment_status":"open","ping_status":"open","sticky":false,"template":"","format":"standard","meta":{"footnotes":""},"categories":[14,11],"tags":[],"class_list":{"0":"post-6938","1":"post","2":"type-post","3":"status-publish","4":"format-standard","5":"has-post-thumbnail","7":"category-cover","8":"category-culture"},"_links":{"self":[{"href":"https:\/\/peninsula360press.com\/es_mx\/wp-json\/wp\/v2\/posts\/6938","targetHints":{"allow":["GET"]}}],"collection":[{"href":"https:\/\/peninsula360press.com\/es_mx\/wp-json\/wp\/v2\/posts"}],"about":[{"href":"https:\/\/peninsula360press.com\/es_mx\/wp-json\/wp\/v2\/types\/post"}],"author":[{"embeddable":true,"href":"https:\/\/peninsula360press.com\/es_mx\/wp-json\/wp\/v2\/users\/8"}],"replies":[{"embeddable":true,"href":"https:\/\/peninsula360press.com\/es_mx\/wp-json\/wp\/v2\/comments?post=6938"}],"version-history":[{"count":2,"href":"https:\/\/peninsula360press.com\/es_mx\/wp-json\/wp\/v2\/posts\/6938\/revisions"}],"predecessor-version":[{"id":6941,"href":"https:\/\/peninsula360press.com\/es_mx\/wp-json\/wp\/v2\/posts\/6938\/revisions\/6941"}],"wp:featuredmedia":[{"embeddable":true,"href":"https:\/\/peninsula360press.com\/es_mx\/wp-json\/wp\/v2\/media\/6939"}],"wp:attachment":[{"href":"https:\/\/peninsula360press.com\/es_mx\/wp-json\/wp\/v2\/media?parent=6938"}],"wp:term":[{"taxonomy":"category","embeddable":true,"href":"https:\/\/peninsula360press.com\/es_mx\/wp-json\/wp\/v2\/categories?post=6938"},{"taxonomy":"post_tag","embeddable":true,"href":"https:\/\/peninsula360press.com\/es_mx\/wp-json\/wp\/v2\/tags?post=6938"}],"curies":[{"name":"wp","href":"https:\/\/api.w.org\/{rel}","templated":true}]}}