{"id":7439,"date":"2021-10-02T15:02:09","date_gmt":"2021-10-02T22:02:09","guid":{"rendered":"https:\/\/peninsula360press.com\/?p=7439"},"modified":"2021-10-02T15:02:12","modified_gmt":"2021-10-02T22:02:12","slug":"comunidad-latina-en-pro-de-sus-derechos-para-redistritacion-en-durham-carolina-del-norte","status":"publish","type":"post","link":"https:\/\/peninsula360press.com\/es_mx\/comunidad-latina-en-pro-de-sus-derechos-para-redistritacion-en-durham-carolina-del-norte\/","title":{"rendered":"Comunidad latina, en pro de sus derechos para redistritaci\u00f3n en Durham, Carolina del Norte"},"content":{"rendered":"\n<figure class=\"wp-block-image size-large\"><img fetchpriority=\"high\" decoding=\"async\" width=\"1024\" height=\"640\" src=\"https:\/\/peninsula360press.com\/wp-content\/uploads\/2021\/10\/Durham-Caronila-del-Norte-1024x640.jpg\" alt=\"Redistritaci\u00f3n en Durham, Carolina del Norte\" class=\"wp-image-7441\" srcset=\"https:\/\/peninsula360press.com\/wp-content\/uploads\/2021\/10\/Durham-Caronila-del-Norte-1024x640.jpg 1024w, https:\/\/peninsula360press.com\/wp-content\/uploads\/2021\/10\/Durham-Caronila-del-Norte-300x188.jpg 300w, https:\/\/peninsula360press.com\/wp-content\/uploads\/2021\/10\/Durham-Caronila-del-Norte-768x480.jpg 768w, https:\/\/peninsula360press.com\/wp-content\/uploads\/2021\/10\/Durham-Caronila-del-Norte-16x10.jpg 16w, https:\/\/peninsula360press.com\/wp-content\/uploads\/2021\/10\/Durham-Caronila-del-Norte-150x94.jpg 150w, https:\/\/peninsula360press.com\/wp-content\/uploads\/2021\/10\/Durham-Caronila-del-Norte-696x435.jpg 696w, https:\/\/peninsula360press.com\/wp-content\/uploads\/2021\/10\/Durham-Caronila-del-Norte-1068x668.jpg 1068w\" sizes=\"(max-width: 1024px) 100vw, 1024px\" \/><\/figure>\n\n\n\n<p>En septiembre pasado se realiz\u00f3 una audiencia p\u00fablica en el condado de Durham, por parte de la Asamblea General de California del Norte, para que los ciudadanos pudieran debatir y formar parte del proceso de redistritaci\u00f3n de acuerdo con el Censo 2020.<\/p>\n\n\n\n<p>As\u00ed, un grupo de latinos organizados por Ivan Almonte, de Rapid Response, acudi\u00f3 a las audiencias; sin embargo, \u00e9stas se realizaron en horarios pr\u00e1cticamente imposibles para que la gente pudiera acudir, adem\u00e1s de que eran en ingl\u00e9s y sin traducci\u00f3n.<\/p>\n\n\n\n<p>Cabe se\u00f1alar que Durham es la cuarta ciudad en donde m\u00e1s ha crecido la poblaci\u00f3n en Carolina del Norte,&nbsp; y la comunidad latina aument\u00f3 40 por ciento en los \u00faltimos 10 a\u00f1os; sin embargo, muchos de ellos son indocumentados y han sido desplazados de la ciudad por los procesos de gentrificaci\u00f3n<\/p>\n\n\n\n<p>Durante una conversaci\u00f3n informal, en la que particip\u00f3 <a href=\"https:\/\/ethnicmediaservices.org\/\" target=\"_blank\" rel=\"noreferrer noopener\">Ethnic Media Services<\/a>, Almonte coment\u00f3 que muchos latinos en Durham se sienten invisibles e impotentes a la hora de influir en las instituciones sobre este tipo de asuntos, decisivos para el futuro de la comunidad.<\/p>\n\n\n\n<p>Patricia Obreg\u00f3n, quien lleva 14 a\u00f1os en Durham, dijo que para ella tendr\u00eda que cambiar todo el sistema educativo porque no est\u00e1 creado para las minor\u00edas, y cualquier decisi\u00f3n que se toma \u201cnosotros no estamos representados ni a la vista en ninguna de estas decisiones\u201d.<\/p>\n\n\n\n<p>La organizadora comunitaria en materia de escuelas p\u00fablicas destac\u00f3 que, por ejemplo, los padres que trabajan muy tarde tienen que buscar de muchas maneras que alguien pueda ir por sus hijos porque hay un problema de transportaci\u00f3n, y aunque est\u00e1n intentando sacarlo adelante las escuelas no tienen presupuesto.<\/p>\n\n\n\n<blockquote class=\"wp-block-quote is-layout-flow wp-block-quote-is-layout-flow\"><p>\u00abA ello se suman problemas como la gran cantidad de estudiantes que existe por sal\u00f3n, la falta de programas, int\u00e9rpretes y maestros para ni\u00f1os con capacidades especiales, por lo que una de las principales inversiones que debe hacer el estado en la pr\u00f3xima d\u00e9cada es en educaci\u00f3n\u00bb.&nbsp;<\/p><p><\/p><\/blockquote>\n\n\n\n<p>Casilda Jaimes, quien ha trabajado con mujeres v\u00edctimas de violencia dom\u00e9stica, se\u00f1al\u00f3 que ha observado la problem\u00e1tica de c\u00f3mo la comunidad intenta acceder a servicios, pero ha sido dif\u00edcil el proceso debido a que&nbsp; no hablan ingl\u00e9s.<\/p>\n\n\n\n<p>Para las mujeres, tampoco hay un programa que las ayude a representarse en la comunidad despu\u00e9s de haber sufrido violencia, despu\u00e9s de haber perdido mucho al mudarse a un lugar nuevo, no encontrar el apoyo de las autoridades, y es el mismo caso para los j\u00f3venes.<\/p>\n\n\n\n<blockquote class=\"wp-block-quote is-layout-flow wp-block-quote-is-layout-flow\"><p>\u00abTodos los programas deber\u00edan empezar desde la escuela. Deber\u00eda haber un programa de consejer\u00eda para los hispanos, servicios de salud mental, sobre todo en este periodo de la pandemia que se ha agravado, y es un tema que no se habla, al que no se tiene acceso\u00bb, destac\u00f3.<\/p><\/blockquote>\n\n\n\n<p>A\u00f1adi\u00f3 que si bien se tiene el servicio de salud mental, \u00e9ste es limitado porque no hay doctores que hablen el idioma para que puedan atender a las personas latinas, y la gente tiene que llevar un int\u00e9rprete, lo cual es impensable para una persona que va a solicitar ese tipo de ayuda porque se hablan temas muy personales.<\/p>\n\n\n\n<blockquote class=\"wp-block-quote is-layout-flow wp-block-quote-is-layout-flow\"><p>\u00abDe ah\u00ed que la redistribuci\u00f3n de distritos se debe de reconsiderar basado en que a nuestra comunidad le ha costado mucho adaptarse, entonces, si los distribuyen nuevamente y los mueven a otros lugares van a tener que empezar de nuevo, buscar con qui\u00e9n pueden contar en su comunidad\u00bb.<\/p><\/blockquote>\n\n\n\n<p>Laura Enaine, quien ha trabajado 20 a\u00f1os con la comunidad de escasos recursos, indic\u00f3 que una cosa que le impact\u00f3 fue la distribuci\u00f3n de presupuesto en sectores de bajos recursos en el tema de vivienda, porque le toc\u00f3 estar en vecindarios descuidados, con poca iluminaci\u00f3n y sin mantenimiento.<\/p>\n\n\n\n<p>Esto, a pesar de que la alcald\u00eda ten\u00eda una aplicaci\u00f3n en la que la ciudadan\u00eda pod\u00eda enviar sus quejas, pero esa aplicaci\u00f3n no era funcional, por lo que muchos de la comunidad latina sienten que se tienen una buena representaci\u00f3n, especialmente en comunidades de escasos recursos.<\/p>\n\n\n\n<p>Al respecto, coment\u00f3 que las viviendas existentes para apoyar a estas comunidades tampoco tienen mantenimiento: est\u00e1n sucias y descuidadas, a pesar de que est\u00e1n pagando una renta y de que la ciudad tiene el personal necesario para hacer las inspecciones.<\/p>\n\n\n\n<blockquote class=\"wp-block-quote is-layout-flow wp-block-quote-is-layout-flow\"><p>\u00abEste fue todo un tema porque con la pandemia mucha gente se tuvo que ir de sus departamentos o vender sus casas, muchas de ellas se tuvieron que ir a vivir a zonas donde los \u00edndices delictivos y la violencia eran muy altos, y han sido v\u00edctimas del crimen\u00bb.<\/p><\/blockquote>\n\n\n\n<p>El problema de la vivienda p\u00fablica es cr\u00edtico entre los hispanos, pues por no tener un estatus migratorio no tienen acceso a este tipo de vivienda, incluso en Durham, un lugar que se dice progresista y liberal, y que es la cuarta ciudad que m\u00e1s creci\u00f3 en el estado.<\/p>\n\n\n\n<p><em>Te puede interesar: <a href=\"https:\/\/peninsula360press.com\/es_mx\/comunidades-minoritarias-en-carolina-del-norte-buscan-redistritacion-justa\/\">Comunidades minoritarias en Carolina del Norte buscan redistritaci\u00f3n justa<\/a><\/em><\/p>\n","protected":false},"excerpt":{"rendered":"<p>En septiembre pasado se realiz\u00f3 una audiencia p\u00fablica en el condado de Durham, por parte de la Asamblea General de California del Norte, para que los ciudadanos pudieran debatir y formar parte del proceso de redistritaci\u00f3n de acuerdo con el Censo 2020. As\u00ed, un grupo de latinos organizados por Ivan Almonte, de Rapid Response, acudi\u00f3 [&hellip;]<\/p>\n","protected":false},"author":7,"featured_media":7441,"comment_status":"open","ping_status":"open","sticky":false,"template":"","format":"standard","meta":{"footnotes":""},"categories":[14,118],"tags":[],"class_list":{"0":"post-7439","1":"post","2":"type-post","3":"status-publish","4":"format-standard","5":"has-post-thumbnail","7":"category-cover","8":"category-migracion"},"_links":{"self":[{"href":"https:\/\/peninsula360press.com\/es_mx\/wp-json\/wp\/v2\/posts\/7439","targetHints":{"allow":["GET"]}}],"collection":[{"href":"https:\/\/peninsula360press.com\/es_mx\/wp-json\/wp\/v2\/posts"}],"about":[{"href":"https:\/\/peninsula360press.com\/es_mx\/wp-json\/wp\/v2\/types\/post"}],"author":[{"embeddable":true,"href":"https:\/\/peninsula360press.com\/es_mx\/wp-json\/wp\/v2\/users\/7"}],"replies":[{"embeddable":true,"href":"https:\/\/peninsula360press.com\/es_mx\/wp-json\/wp\/v2\/comments?post=7439"}],"version-history":[{"count":5,"href":"https:\/\/peninsula360press.com\/es_mx\/wp-json\/wp\/v2\/posts\/7439\/revisions"}],"predecessor-version":[{"id":7446,"href":"https:\/\/peninsula360press.com\/es_mx\/wp-json\/wp\/v2\/posts\/7439\/revisions\/7446"}],"wp:featuredmedia":[{"embeddable":true,"href":"https:\/\/peninsula360press.com\/es_mx\/wp-json\/wp\/v2\/media\/7441"}],"wp:attachment":[{"href":"https:\/\/peninsula360press.com\/es_mx\/wp-json\/wp\/v2\/media?parent=7439"}],"wp:term":[{"taxonomy":"category","embeddable":true,"href":"https:\/\/peninsula360press.com\/es_mx\/wp-json\/wp\/v2\/categories?post=7439"},{"taxonomy":"post_tag","embeddable":true,"href":"https:\/\/peninsula360press.com\/es_mx\/wp-json\/wp\/v2\/tags?post=7439"}],"curies":[{"name":"wp","href":"https:\/\/api.w.org\/{rel}","templated":true}]}}