{"id":8106,"date":"2021-11-26T19:17:45","date_gmt":"2021-11-27T02:17:45","guid":{"rendered":"https:\/\/peninsula360press.com\/?p=8106"},"modified":"2021-11-26T19:17:46","modified_gmt":"2021-11-27T02:17:46","slug":"omicron-nueva-variante-covid-19","status":"publish","type":"post","link":"https:\/\/peninsula360press.com\/es_mx\/omicron-nueva-variante-covid-19\/","title":{"rendered":"\u00abOmicron\u00bb nueva variante COVID-19 que ha levantado alertas"},"content":{"rendered":"\n<figure class=\"wp-block-image size-large\"><img fetchpriority=\"high\" decoding=\"async\" width=\"1024\" height=\"768\" src=\"https:\/\/peninsula360press.com\/wp-content\/uploads\/2021\/07\/covid-19-4922384_1280-1024x768.jpg\" alt=\"omicron variante covid-19\" class=\"wp-image-6543\" srcset=\"https:\/\/peninsula360press.com\/wp-content\/uploads\/2021\/07\/covid-19-4922384_1280-1024x768.jpg 1024w, https:\/\/peninsula360press.com\/wp-content\/uploads\/2021\/07\/covid-19-4922384_1280-300x225.jpg 300w, https:\/\/peninsula360press.com\/wp-content\/uploads\/2021\/07\/covid-19-4922384_1280-768x576.jpg 768w, https:\/\/peninsula360press.com\/wp-content\/uploads\/2021\/07\/covid-19-4922384_1280-16x12.jpg 16w, https:\/\/peninsula360press.com\/wp-content\/uploads\/2021\/07\/covid-19-4922384_1280-150x113.jpg 150w, https:\/\/peninsula360press.com\/wp-content\/uploads\/2021\/07\/covid-19-4922384_1280-696x522.jpg 696w, https:\/\/peninsula360press.com\/wp-content\/uploads\/2021\/07\/covid-19-4922384_1280-1068x801.jpg 1068w\" sizes=\"(max-width: 1024px) 100vw, 1024px\" \/><\/figure>\n\n\n\n<p><strong>Por Pamela Cruz. Pen\u00ednsula<\/strong> <strong>360 Press [P360P]<\/strong><br>Sud\u00e1frica ha confirmado la aparici\u00f3n de una nueva variante de COVID-19, identificada como B.1.1.529, la cual posee m\u00faltiples mutaciones y ha despertado \u00abpreocupaci\u00f3n\u00bb entre los especialistas y diversos pa\u00edses en el mundo.<\/p>\n\n\n\n<p>\u00a0La Organizaci\u00f3n Mundial de la Salud OMS\u00a0ha nombrado a la nueva cepa como \u00abOmicron\u00bb. La situaci\u00f3n epidemiol\u00f3gica en Sud\u00e1frica se ha caracterizado por tres picos distintos en los casos notificados, el \u00faltimo de los cuales fue predominantemente la variante Delta.\u00a0<\/p>\n\n\n\n<p>En las \u00faltimas semanas, las infecciones han aumentado considerablemente, coincidiendo con la detecci\u00f3n de la variante B.1.1.529, dijo la OMS en un comunicado.<\/p>\n\n\n\n<p>La primera infecci\u00f3n confirmada conocida por Omicron fue de una muestra recolectada el 9 de noviembre de 2021.<\/p>\n\n\n\n<p>El organismo internacional destac\u00f3 que esta variante tiene una gran cantidad de mutaciones, algunas de las cuales son \u00abpreocupantes\u00bb, pues la evidencia preliminar sugiere un mayor riesgo de reinfecci\u00f3n con esta cepa, en comparaci\u00f3n con otros coronavirus.<\/p>\n\n\n\n<p>El n\u00famero de casos de esta variante parece estar aumentando en casi todas las provincias de Sud\u00e1frica, subray\u00f3, pues los diagn\u00f3sticos actuales de PCR de SARS-CoV-2 contin\u00faan detectando esta cepa.&nbsp;<\/p>\n\n\n\n<p>Varios laboratorios han indicado que, para una prueba de PCR ampliamente utilizada, uno de los tres genes diana no se detecta \u2012llamado abandono del gen S o falla de la diana del gen S\u2012 y, por lo tanto, esta prueba puede usarse como marcador para esta variante, a la espera de la confirmaci\u00f3n de la secuenciaci\u00f3n.&nbsp;<\/p>\n\n\n\n<p>Con este enfoque, \u00abesta variante se ha detectado a un ritmo m\u00e1s r\u00e1pido que los aumentos repentinos de infecci\u00f3n anteriores, lo que sugiere que esta variante puede tener una ventaja de crecimiento\u00bb, destaca el documento.<\/p>\n\n\n\n<p>Ante ello, la organizaci\u00f3n ha solicitado a los pa\u00edses mejorar los esfuerzos de vigilancia y secuenciaci\u00f3n para comprender mejor las variantes circulantes del SARS-CoV-2, enviar secuencias gen\u00f3micas completas y metadatos asociados a una base de datos disponible p\u00fablicamente, as\u00ed como notificar los casos y\/o grupos iniciales asociados con la infecci\u00f3n por COVID a la OMS.<\/p>\n\n\n\n<p>De igual manera, llam\u00f3 a realizar investigaciones de campo y evaluaciones de laboratorio para mejorar la comprensi\u00f3n de los impactos potenciales del covid, as\u00ed como a mantener las medidas sociales y de salud p\u00fablica, los m\u00e9todos de diagn\u00f3stico, y la vacunaci\u00f3n.<\/p>\n\n\n\n<p>A la sociedad en general, record\u00f3 tomar las medidas para reducir su riesgo de contraer COVID-19, incluidas las medidas sociales y de salud p\u00fablica comprobadas, como usar mascarillas bien ajustadas, higiene de manos, distanciamiento f\u00edsico, mejorar la ventilaci\u00f3n de los espacios interiores, evitar espacios abarrotados y vacunarse.<\/p>\n\n\n\n<p>La preocupaci\u00f3n del organismo puso en alerta a otros pa\u00edses, y naciones de la Uni\u00f3n Europea acordaron este viernes suspender los vuelos a siete pa\u00edses del sur de \u00c1frica debido a la nueva variante sudafricana del coronavirus.<\/p>\n\n\n\n<p>Se trata de Sud\u00e1frica, Lesotho, Botswana, Zimbabwe, Mozambique, Namibia y Eswatini, precisaron fuentes a la agencia de noticias EFE.&nbsp;<\/p>\n\n\n\n<p>Por su parte, EE. UU. y Canad\u00e1 se han sumado a los pa\u00edses que han decidido la no entrada a personas que vengan de dichas naciones, agregando a Malawi a su propia lista.<\/p>\n\n\n\n<p>\u00abComo medida de precauci\u00f3n, hasta que tengamos m\u00e1s informaci\u00f3n, estoy ordenando restricciones adicionales de viaje a\u00e9reo desde Sud\u00e1frica y otros siete pa\u00edses. Estas nuevas restricciones entrar\u00e1n en vigencia el 29 de noviembre. A medida que avancemos, seguiremos gui\u00e1ndonos por lo que la ciencia y mi equipo m\u00e9dico aconsejen\u00bb, se\u00f1al\u00f3 el presidente Joseph Biden en una declaraci\u00f3n emitida por La Casa Blanca.&nbsp;<\/p>\n\n\n\n<p>A su vez, refiri\u00f3 que, para aquellos estadounidenses que est\u00e1n completamente vacunados contra la enfermedad grave de COVID, afortunadamente, para la gran mayor\u00eda de nuestros adultos, la mejor manera de fortalecer su protecci\u00f3n es recibir una vacuna de refuerzo tan pronto como sea elegible.&nbsp;<\/p>\n\n\n\n<p>Los refuerzos est\u00e1n aprobados para todos los adultos mayores de 18 a\u00f1os, seis meses despu\u00e9s de su vacunaci\u00f3n y est\u00e1n disponibles en 80 mil ubicaciones de costa a costa. Estos, refiri\u00f3, son seguros, gratuitos y convenientes. \u00abObtenga su vacuna de refuerzo ahora, para que pueda tener esta protecci\u00f3n adicional durante la temporada navide\u00f1a\u00bb.&nbsp;<\/p>\n\n\n\n<p>Por otra parte, llam\u00f3 a todos aquellos que a\u00fan no est\u00e1n completamente vacunados, a tomar las dosis que falten, lo antes posible, ello incluye tanto a ni\u00f1os como a adultos.&nbsp;<\/p>\n\n\n\n<p>Estados Unidos es l\u00edder mundial en la vacunaci\u00f3n de ni\u00f1os de 5 a 11 a\u00f1os, y ha estado vacunando a adolescentes durante varios meses, \u00abpero necesitamos m\u00e1s estadounidenses de todos los grupos de edad para obtener esta protecci\u00f3n que salva vidas. Si no se ha vacunado o no ha llevado a sus hijos a vacunar, ahora es el momento\u00bb.<\/p>\n\n\n\n<p>Finalmente, para la comunidad mundial, dijo, \u00abla noticia sobre esta nueva variante deber\u00eda dejar m\u00e1s claro que nunca por qu\u00e9 esta pandemia no terminar\u00e1 hasta que tengamos las vacunas globales\u00bb.<\/p>\n\n\n\n<p>Adem\u00e1s, hizo un llamado a las naciones para que se re\u00fanan la pr\u00f3xima semana en la reuni\u00f3n ministerial de la Organizaci\u00f3n Mundial del Comercio para enfrentar el desaf\u00edo de EE. UU. de renunciar a las protecciones de propiedad intelectual para las vacunas COVID-19, para que estas vacunas se puedan fabricar a nivel mundial.<\/p>\n\n\n\n<p><em>Te puede interesar: <a href=\"https:\/\/peninsula360press.com\/es_mx\/fda-autoriza-terceras-dosis-de-vacunas-covid-19-en-mayores-de-18-anos\/\">FDA autoriza terceras dosis de vacunas COVID-19 en mayores de 18 a\u00f1os<\/a><\/em><\/p>\n","protected":false},"excerpt":{"rendered":"<p>Por Pamela Cruz. Pen\u00ednsula 360 Press [P360P]Sud\u00e1frica ha confirmado la aparici\u00f3n de una nueva variante de COVID-19, identificada como B.1.1.529, la cual posee m\u00faltiples mutaciones y ha despertado \u00abpreocupaci\u00f3n\u00bb entre los especialistas y diversos pa\u00edses en el mundo. \u00a0La Organizaci\u00f3n Mundial de la Salud OMS\u00a0ha nombrado a la nueva cepa como \u00abOmicron\u00bb. La situaci\u00f3n epidemiol\u00f3gica [&hellip;]<\/p>\n","protected":false},"author":7,"featured_media":6543,"comment_status":"open","ping_status":"open","sticky":false,"template":"","format":"standard","meta":{"footnotes":""},"categories":[14,170,8],"tags":[],"class_list":{"0":"post-8106","1":"post","2":"type-post","3":"status-publish","4":"format-standard","5":"has-post-thumbnail","7":"category-cover","8":"category-covid19","9":"category-usworld"},"_links":{"self":[{"href":"https:\/\/peninsula360press.com\/es_mx\/wp-json\/wp\/v2\/posts\/8106","targetHints":{"allow":["GET"]}}],"collection":[{"href":"https:\/\/peninsula360press.com\/es_mx\/wp-json\/wp\/v2\/posts"}],"about":[{"href":"https:\/\/peninsula360press.com\/es_mx\/wp-json\/wp\/v2\/types\/post"}],"author":[{"embeddable":true,"href":"https:\/\/peninsula360press.com\/es_mx\/wp-json\/wp\/v2\/users\/7"}],"replies":[{"embeddable":true,"href":"https:\/\/peninsula360press.com\/es_mx\/wp-json\/wp\/v2\/comments?post=8106"}],"version-history":[{"count":1,"href":"https:\/\/peninsula360press.com\/es_mx\/wp-json\/wp\/v2\/posts\/8106\/revisions"}],"predecessor-version":[{"id":8107,"href":"https:\/\/peninsula360press.com\/es_mx\/wp-json\/wp\/v2\/posts\/8106\/revisions\/8107"}],"wp:featuredmedia":[{"embeddable":true,"href":"https:\/\/peninsula360press.com\/es_mx\/wp-json\/wp\/v2\/media\/6543"}],"wp:attachment":[{"href":"https:\/\/peninsula360press.com\/es_mx\/wp-json\/wp\/v2\/media?parent=8106"}],"wp:term":[{"taxonomy":"category","embeddable":true,"href":"https:\/\/peninsula360press.com\/es_mx\/wp-json\/wp\/v2\/categories?post=8106"},{"taxonomy":"post_tag","embeddable":true,"href":"https:\/\/peninsula360press.com\/es_mx\/wp-json\/wp\/v2\/tags?post=8106"}],"curies":[{"name":"wp","href":"https:\/\/api.w.org\/{rel}","templated":true}]}}