{"id":8226,"date":"2021-12-02T19:57:28","date_gmt":"2021-12-03T02:57:28","guid":{"rendered":"https:\/\/peninsula360press.com\/?p=8226"},"modified":"2021-12-02T19:57:32","modified_gmt":"2021-12-03T02:57:32","slug":"san-mateo-lanza-programa-para-atender-emergencias-de-salud-mental","status":"publish","type":"post","link":"https:\/\/peninsula360press.com\/es_mx\/san-mateo-lanza-programa-para-atender-emergencias-de-salud-mental\/","title":{"rendered":"San Mateo lanza programa para atender emergencias de salud mental"},"content":{"rendered":"\n<figure class=\"wp-block-image size-large\"><img fetchpriority=\"high\" decoding=\"async\" width=\"1024\" height=\"683\" src=\"https:\/\/peninsula360press.com\/wp-content\/uploads\/2021\/12\/salud-mental-1-1024x683.jpg\" alt=\"programa de salud mental \" class=\"wp-image-8228\" srcset=\"https:\/\/peninsula360press.com\/wp-content\/uploads\/2021\/12\/salud-mental-1-1024x683.jpg 1024w, https:\/\/peninsula360press.com\/wp-content\/uploads\/2021\/12\/salud-mental-1-300x200.jpg 300w, https:\/\/peninsula360press.com\/wp-content\/uploads\/2021\/12\/salud-mental-1-768x512.jpg 768w, https:\/\/peninsula360press.com\/wp-content\/uploads\/2021\/12\/salud-mental-1-18x12.jpg 18w, https:\/\/peninsula360press.com\/wp-content\/uploads\/2021\/12\/salud-mental-1-150x100.jpg 150w, https:\/\/peninsula360press.com\/wp-content\/uploads\/2021\/12\/salud-mental-1-696x464.jpg 696w, https:\/\/peninsula360press.com\/wp-content\/uploads\/2021\/12\/salud-mental-1-1068x712.jpg 1068w\" sizes=\"(max-width: 1024px) 100vw, 1024px\" \/><\/figure>\n\n\n\n<p><strong>Por Pamela Cruz. Pen\u00ednsula 360 Press [P360P] \/ Bay City News<\/strong><br>M\u00e9dicos de salud conductual acompa\u00f1ar\u00e1n a las fuerzas del orden en ciertas respuestas de emergencia en las cuatro ciudades m\u00e1s grandes del condado de San Mateo<\/p>\n\n\n\n<p>A partir de la pr\u00f3xima semana se establecer\u00e1 un programa piloto que busca evitar que las personas que atraviesan una crisis de salud mental terminen en la c\u00e1rcel o salas de emergencia.<\/p>\n\n\n\n<p>El programa de dos a\u00f1os se lanza el lunes en Daly City, Redwood City, San Mateo y el sur de San Francisco despu\u00e9s de que la Junta de Supervisores del condado y los ayuntamientos de las cuatro ciudades lo aprobaron a principios de este a\u00f1o con el objetivo de garantizar que se puedan resolver situaciones de riesgo, y que las personas en crisis, as\u00ed como los socorristas, puedan permanecer a salvo.<\/p>\n\n\n\n<p>StarVista, una organizaci\u00f3n sin fines de lucro con sede en San Carlos, contrat\u00f3 al condado para capacitar y supervisar a los m\u00e9dicos que trabajar\u00e1n con los departamentos de polic\u00eda de las cuatro ciudades.&nbsp;<\/p>\n\n\n\n<p>As\u00ed, en los despachos se desplegar\u00e1n a los m\u00e9dicos junto con los oficiales de polic\u00eda en casos de crisis de salud mental o conductual.<\/p>\n\n\n\n<p>El programa del condado de San Mateo es uno de los muchos que se est\u00e1n desarrollando en el \u00c1rea de la Bah\u00eda y en la naci\u00f3n a medida que las jurisdicciones intentan evitar interacciones violentas entre las fuerzas del orden y las personas en crisis.<\/p>\n\n\n\n<p>\u00abEl condado se enorgullece de apoyar una intervenci\u00f3n tan importante y necesaria que respalda la seguridad de las personas en crisis y de quienes las rodean\u00bb, dijo el administrador del condado, Mike Callagy. \u00abEsto proporciona otra opci\u00f3n para aquellos que necesitan atenci\u00f3n de salud mental en lugar de encarcelamiento u hospitalizaci\u00f3n\u00bb.<\/p>\n\n\n\n<p>Se espera que el programa de dos a\u00f1os cueste aproximadamente 1.5 millones de d\u00f3lares, con las cuatro ciudades y el condado contribuyendo a la financiaci\u00f3n.<\/p>\n\n\n\n<p><em>Te puede interesar:<\/em> <em><a href=\"https:\/\/peninsula360press.com\/es_mx\/iniciativa-chan-zuckerberg-da-7-millones-a-organizaciones-de-san-mateo\/\">Iniciativa Chan Zuckerberg da $7 millones a organizaciones de San Mateo<\/a><\/em><\/p>\n","protected":false},"excerpt":{"rendered":"<p>Por Pamela Cruz. Pen\u00ednsula 360 Press [P360P] \/ Bay City NewsM\u00e9dicos de salud conductual acompa\u00f1ar\u00e1n a las fuerzas del orden en ciertas respuestas de emergencia en las cuatro ciudades m\u00e1s grandes del condado de San Mateo A partir de la pr\u00f3xima semana se establecer\u00e1 un programa piloto que busca evitar que las personas que atraviesan [&hellip;]<\/p>\n","protected":false},"author":7,"featured_media":8228,"comment_status":"open","ping_status":"open","sticky":false,"template":"","format":"standard","meta":{"footnotes":""},"categories":[14,9],"tags":[],"class_list":{"0":"post-8226","1":"post","2":"type-post","3":"status-publish","4":"format-standard","5":"has-post-thumbnail","7":"category-cover","8":"category-community"},"_links":{"self":[{"href":"https:\/\/peninsula360press.com\/es_mx\/wp-json\/wp\/v2\/posts\/8226","targetHints":{"allow":["GET"]}}],"collection":[{"href":"https:\/\/peninsula360press.com\/es_mx\/wp-json\/wp\/v2\/posts"}],"about":[{"href":"https:\/\/peninsula360press.com\/es_mx\/wp-json\/wp\/v2\/types\/post"}],"author":[{"embeddable":true,"href":"https:\/\/peninsula360press.com\/es_mx\/wp-json\/wp\/v2\/users\/7"}],"replies":[{"embeddable":true,"href":"https:\/\/peninsula360press.com\/es_mx\/wp-json\/wp\/v2\/comments?post=8226"}],"version-history":[{"count":1,"href":"https:\/\/peninsula360press.com\/es_mx\/wp-json\/wp\/v2\/posts\/8226\/revisions"}],"predecessor-version":[{"id":8229,"href":"https:\/\/peninsula360press.com\/es_mx\/wp-json\/wp\/v2\/posts\/8226\/revisions\/8229"}],"wp:featuredmedia":[{"embeddable":true,"href":"https:\/\/peninsula360press.com\/es_mx\/wp-json\/wp\/v2\/media\/8228"}],"wp:attachment":[{"href":"https:\/\/peninsula360press.com\/es_mx\/wp-json\/wp\/v2\/media?parent=8226"}],"wp:term":[{"taxonomy":"category","embeddable":true,"href":"https:\/\/peninsula360press.com\/es_mx\/wp-json\/wp\/v2\/categories?post=8226"},{"taxonomy":"post_tag","embeddable":true,"href":"https:\/\/peninsula360press.com\/es_mx\/wp-json\/wp\/v2\/tags?post=8226"}],"curies":[{"name":"wp","href":"https:\/\/api.w.org\/{rel}","templated":true}]}}